{"id":9965,"date":"2024-04-04T15:41:14","date_gmt":"2024-04-04T18:41:14","guid":{"rendered":"https:\/\/prefeitura.santarosa.rs.gov.br\/?p=9965"},"modified":"2024-10-07T09:51:08","modified_gmt":"2024-10-07T12:51:08","slug":"4o-seminario-estadual-do-transtorno-do-espectro-autista","status":"publish","type":"post","link":"https:\/\/prefeitura.santarosa.rs.gov.br\/?p=9965","title":{"rendered":"<strong>4\u00ba Semin\u00e1rio Estadual do Transtorno do Espectro Autista<\/strong>"},"content":{"rendered":"\n<p><em>A a\u00e7\u00e3o faz parte da campanha Abril Azul: M\u00eas de conscientiza\u00e7\u00e3o do Autismo<\/em><\/p>\n\n\n\n<figure class=\"wp-block-image size-full\"><img fetchpriority=\"high\" decoding=\"async\" width=\"860\" height=\"645\" src=\"https:\/\/prefeitura.santarosa.rs.gov.br\/wp-content\/uploads\/2024\/04\/Formato-Site-e-Portal-860X645-JPG-2024-04-04T153827.575.jpg\" alt=\"\" class=\"wp-image-9966\" srcset=\"https:\/\/prefeitura.santarosa.rs.gov.br\/wp-content\/uploads\/2024\/04\/Formato-Site-e-Portal-860X645-JPG-2024-04-04T153827.575.jpg 860w, https:\/\/prefeitura.santarosa.rs.gov.br\/wp-content\/uploads\/2024\/04\/Formato-Site-e-Portal-860X645-JPG-2024-04-04T153827.575-300x225.jpg 300w, https:\/\/prefeitura.santarosa.rs.gov.br\/wp-content\/uploads\/2024\/04\/Formato-Site-e-Portal-860X645-JPG-2024-04-04T153827.575-768x576.jpg 768w\" sizes=\"(max-width: 860px) 100vw, 860px\" \/><\/figure>\n\n\n\n<p>A Funda\u00e7\u00e3o Municipal de Sa\u00fade de Santa Rosa organizou uma programa\u00e7\u00e3o diferenciada para o Abril Azul, m\u00eas voltado para a conscientiza\u00e7\u00e3o do Transtorno do Espectro Autista. Atividades especiais ser\u00e3o realizadas pela equipe do Centro Macrorregional de Refer\u00eancia em TEA &#8211; CMR TEAcolhe. Entre os eventos, ocorreu nesta quinta-feira (04), o 4\u00ba Semin\u00e1rio Estadual do Transtorno do Espectro Autista. Mais de 1.300 pessoas participaram de forma presencial e online.<\/p>\n\n\n\n<p>A Secret\u00e1ria de Sa\u00fade do RS, Arita Bergmann prestigiou o evento e destacou o quanto Santa Rosa \u00e9 destaque, \u201cEssa regi\u00e3o tem muito que mostrar para todo o estado sobre gest\u00e3o e sobre fazer sa\u00fade de forma diferenciada, voc\u00eas s\u00e3o refer\u00eancia\u201d. O Deputado Estadual, Eduardo Loureiro, propositor da Lei 15.322\/2019, que oportunizou um programa de atendimento integrado aos autistas do Rio Grande do Sul, tamb\u00e9m estava presente e ressaltou o quanto se tem avan\u00e7ado no atendimento aos autistas, \u201cNossa regi\u00e3o est\u00e1 avan\u00e7ando muito e estamos conseguindo fazer a diferen\u00e7a na vida de muitas fam\u00edlias que t\u00eam um autista, queremos conseguir cada vez mais qualificar esse atendimento\u201d.<\/p>\n\n\n\n<p>A APAE realizou duas apresenta\u00e7\u00f5es de dan\u00e7a durante o evento que contou com inscritos de todo o pa\u00eds. O Prefeito Anderson Mantei destacou que o tema foi uma promessa de campanha, \u201cNosso Governo est\u00e1 muito orgulhoso de todos os avan\u00e7os que foram poss\u00edveis em 3 anos. Temos uma equipe qualificada, somos refer\u00eancia e estamos avan\u00e7ando cada vez mais nessa \u00e1rea\u201d. O Prefeito tamb\u00e9m aproveitou a oportunidade e entregou para a Secret\u00e1ria de Sa\u00fade, uma Medalha do M\u00e9rito Comunit\u00e1rio, \u201cEsse \u00e9 o reconhecimento de nossa cidade para tudo que a senhora j\u00e1 fez pela sa\u00fade n\u00e3o s\u00f3 daqui, mas de todo o estado. N\u00f3s s\u00f3 podemos agradecer o apoio que sempre tivemos, e temos, para avan\u00e7ar nos projetos da sa\u00fade\u201d. Emocionada, Arita agradeceu o reconhecimento, \u201cHoje estou muito emocionada de receber essa homenagem. Poder vir aqui testemunhar o que \u00e9 feito e fazer entregas para a comunidade \u00e9 muito gratificante. Essa medalha \u00e9 de um governo que prioriza a \u00e1rea da sa\u00fade\u201d.&nbsp;&nbsp;<\/p>\n\n\n\n<p>Durante o evento, foi realizada a palestra \u201cEpidemiologia cl\u00ednica do autismo\u201d, com o m\u00e9dico, Dr. Vitor Haase. A a\u00e7\u00e3o tamb\u00e9m contou com a fala da Dra. Raquel Carvalho sobre \u201cMecanismos gen\u00e9ticos, ambientais e epigen\u00e9ticos no autismo\u201d. O Presidente da FUMSSAR, D\u00e9lcio Stefan, destacou a import\u00e2ncia da equipe qualificada que Santa Rosa conta desde que come\u00e7ou o servi\u00e7o do Centro TEAcolhe, \u201cTemos aqui uma equipe muito competente e que faz a diferen\u00e7a nesse trabalho, e gra\u00e7as ao empenho de todos conseguimos crescer e avan\u00e7ar muito nessa \u00e1rea\u201d.&nbsp; Atualmente, a Macrorregi\u00e3o Missioneira possui 1.827 autistas e 197 em avalia\u00e7\u00e3o.<\/p>\n\n\n\n<p>A programa\u00e7\u00e3o completa do Abril Azul e mais informa\u00e7\u00f5es sobre o 4\u00ba Semin\u00e1rio Estadual do Transtorno do Espectro Autista, podem ser acessadas nas p\u00e1ginas oficiais da Prefeitura de Santa Rosa, FUMSSAR e pelo Instagram do CMR TEAcolhe Santa Rosa.<\/p>\n","protected":false},"excerpt":{"rendered":"<p>A a\u00e7\u00e3o faz parte da campanha Abril Azul: M\u00eas de conscientiza\u00e7\u00e3o do Autismo A Funda\u00e7\u00e3o Municipal de Sa\u00fade de Santa<\/p>\n","protected":false},"author":6,"featured_media":9967,"comment_status":"closed","ping_status":"closed","sticky":false,"template":"","format":"standard","meta":{"footnotes":""},"categories":[4,8],"tags":[],"class_list":["post-9965","post","type-post","status-publish","format-standard","has-post-thumbnail","hentry","category-noticias","category-noticias-fumssar"],"aioseo_notices":[],"_links":{"self":[{"href":"https:\/\/prefeitura.santarosa.rs.gov.br\/index.php?rest_route=\/wp\/v2\/posts\/9965","targetHints":{"allow":["GET"]}}],"collection":[{"href":"https:\/\/prefeitura.santarosa.rs.gov.br\/index.php?rest_route=\/wp\/v2\/posts"}],"about":[{"href":"https:\/\/prefeitura.santarosa.rs.gov.br\/index.php?rest_route=\/wp\/v2\/types\/post"}],"author":[{"embeddable":true,"href":"https:\/\/prefeitura.santarosa.rs.gov.br\/index.php?rest_route=\/wp\/v2\/users\/6"}],"replies":[{"embeddable":true,"href":"https:\/\/prefeitura.santarosa.rs.gov.br\/index.php?rest_route=%2Fwp%2Fv2%2Fcomments&post=9965"}],"version-history":[{"count":1,"href":"https:\/\/prefeitura.santarosa.rs.gov.br\/index.php?rest_route=\/wp\/v2\/posts\/9965\/revisions"}],"predecessor-version":[{"id":9968,"href":"https:\/\/prefeitura.santarosa.rs.gov.br\/index.php?rest_route=\/wp\/v2\/posts\/9965\/revisions\/9968"}],"wp:featuredmedia":[{"embeddable":true,"href":"https:\/\/prefeitura.santarosa.rs.gov.br\/index.php?rest_route=\/wp\/v2\/media\/9967"}],"wp:attachment":[{"href":"https:\/\/prefeitura.santarosa.rs.gov.br\/index.php?rest_route=%2Fwp%2Fv2%2Fmedia&parent=9965"}],"wp:term":[{"taxonomy":"category","embeddable":true,"href":"https:\/\/prefeitura.santarosa.rs.gov.br\/index.php?rest_route=%2Fwp%2Fv2%2Fcategories&post=9965"},{"taxonomy":"post_tag","embeddable":true,"href":"https:\/\/prefeitura.santarosa.rs.gov.br\/index.php?rest_route=%2Fwp%2Fv2%2Ftags&post=9965"}],"curies":[{"name":"wp","href":"https:\/\/api.w.org\/{rel}","templated":true}]}}