{"id":9961,"date":"2024-04-04T14:46:56","date_gmt":"2024-04-04T17:46:56","guid":{"rendered":"https:\/\/prefeitura.santarosa.rs.gov.br\/?p=9961"},"modified":"2024-10-07T09:51:08","modified_gmt":"2024-10-07T12:51:08","slug":"prefeitura-vai-reduzir-custos-com-a-implementacao-de-placas-fotovoltaicas","status":"publish","type":"post","link":"https:\/\/prefeitura.santarosa.rs.gov.br\/?p=9961","title":{"rendered":"<strong>Prefeitura vai reduzir custos com a implementa\u00e7\u00e3o de placas fotovoltaicas<\/strong>"},"content":{"rendered":"\n<p><em>Iniciou a 1\u00aa etapa do Sistema de Gera\u00e7\u00e3o Fotovoltaica em espa\u00e7os p\u00fablicos do munic\u00edpio<\/em><\/p>\n\n\n\n<figure class=\"wp-block-image size-full\"><img fetchpriority=\"high\" decoding=\"async\" width=\"860\" height=\"645\" src=\"https:\/\/prefeitura.santarosa.rs.gov.br\/wp-content\/uploads\/2024\/04\/Formato-Site-e-Portal-860X645-JPG-2024-04-04T144629.121.jpg\" alt=\"\" class=\"wp-image-9962\" srcset=\"https:\/\/prefeitura.santarosa.rs.gov.br\/wp-content\/uploads\/2024\/04\/Formato-Site-e-Portal-860X645-JPG-2024-04-04T144629.121.jpg 860w, https:\/\/prefeitura.santarosa.rs.gov.br\/wp-content\/uploads\/2024\/04\/Formato-Site-e-Portal-860X645-JPG-2024-04-04T144629.121-300x225.jpg 300w, https:\/\/prefeitura.santarosa.rs.gov.br\/wp-content\/uploads\/2024\/04\/Formato-Site-e-Portal-860X645-JPG-2024-04-04T144629.121-768x576.jpg 768w\" sizes=\"(max-width: 860px) 100vw, 860px\" \/><\/figure>\n\n\n\n<p>O Prefeito Anderson Mantei assinou na tarde desta quarta-feira (03), a ordem de in\u00edcio da execu\u00e7\u00e3o da 1\u00aa etapa do sistema de gera\u00e7\u00e3o de energia solar fotovoltaica. As placas solares v\u00e3o ser instaladas em espa\u00e7os p\u00fablicos de Santa Rosa. Atualmente, um dos maiores centros de despesa da prefeitura, \u00e9 com energia el\u00e9trica. Os gastos chegam ao montante de R$ 3,6 milh\u00f5es de reais por ano. Com a implementa\u00e7\u00e3o deste sistema, o objetivo \u00e9 gerar economia e melhorar a infraestrutura do munic\u00edpio. Mais de R$ 422 mil est\u00e3o sendo investidos nessa fase. A previs\u00e3o \u00e9 que at\u00e9 o final do projeto (4 etapas), a prefeitura seja autossustent\u00e1vel em consumo e gera\u00e7\u00e3o de energia.<\/p>\n\n\n\n<p>As placas fotovoltaicas v\u00e3o ser instaladas neste primeiro momento, em 09 espa\u00e7os p\u00fablicos: Centro C\u00edvico, EMEI Her\u00f3is do Futuro, EMEF S\u00e3o Jos\u00e9, Gin\u00e1sio Moroni, Gin\u00e1sio Pedro Deon, EMEF Liminha, Mercado P\u00fablico, Pal\u00e1cio 14 Julho e Secretaria de Obras. O Prefeito Anderson Mantei, destacou que essa \u00e9 uma das a\u00e7\u00f5es mais importantes que a Prefeitura est\u00e1 desenvolvendo e que ir\u00e1 gerar uma economia significativa para os cofres p\u00fablicos, \u201cCom a economia que teremos a partir do sistema de gera\u00e7\u00e3o de energia solar, vamos poder pagar o investimento, e ainda, aplicar esse recurso em outras \u00e1reas do munic\u00edpio\u201d.<\/p>\n\n\n\n<p>O prazo de execu\u00e7\u00e3o para esta fase \u00e9 de 120 dias, conforme o contrato. Ap\u00f3s a conclus\u00e3o desta primeira etapa, a previs\u00e3o \u00e9 que o munic\u00edpio economize com energia el\u00e9trica mais de R$ 650 mil por ano. O investimento total nas 4 etapas ser\u00e1 de cerca de R$ 5 milh\u00f5es. Al\u00e9m destas novas instala\u00e7\u00f5es das placas de energia solar, a prefeitura j\u00e1 possui o sistema de gera\u00e7\u00e3o fotovoltaica em 25 escolas da Rede Municipal de Ensino. Participaram tamb\u00e9m do ato de assinatura, o Vice-Prefeito Aldemir Ulrich, a Diretora de Capta\u00e7\u00e3o de Recursos, Caliandra Perini, o Diretor de Planejamento Urbano, Lu\u00eds Fernando Marzari, o Engenheiro Eletricista, Rog\u00e9rio V\u00f6lz e o representante da empresa respons\u00e1vel por executar o servi\u00e7o.<\/p>\n","protected":false},"excerpt":{"rendered":"<p>Iniciou a 1\u00aa etapa do Sistema de Gera\u00e7\u00e3o Fotovoltaica em espa\u00e7os p\u00fablicos do munic\u00edpio O Prefeito Anderson Mantei assinou na<\/p>\n","protected":false},"author":6,"featured_media":9963,"comment_status":"closed","ping_status":"closed","sticky":false,"template":"","format":"standard","meta":{"footnotes":""},"categories":[4,22],"tags":[],"class_list":["post-9961","post","type-post","status-publish","format-standard","has-post-thumbnail","hentry","category-noticias","category-secretaria-municipal-de-planejamento-e-habitacao"],"aioseo_notices":[],"_links":{"self":[{"href":"https:\/\/prefeitura.santarosa.rs.gov.br\/index.php?rest_route=\/wp\/v2\/posts\/9961","targetHints":{"allow":["GET"]}}],"collection":[{"href":"https:\/\/prefeitura.santarosa.rs.gov.br\/index.php?rest_route=\/wp\/v2\/posts"}],"about":[{"href":"https:\/\/prefeitura.santarosa.rs.gov.br\/index.php?rest_route=\/wp\/v2\/types\/post"}],"author":[{"embeddable":true,"href":"https:\/\/prefeitura.santarosa.rs.gov.br\/index.php?rest_route=\/wp\/v2\/users\/6"}],"replies":[{"embeddable":true,"href":"https:\/\/prefeitura.santarosa.rs.gov.br\/index.php?rest_route=%2Fwp%2Fv2%2Fcomments&post=9961"}],"version-history":[{"count":1,"href":"https:\/\/prefeitura.santarosa.rs.gov.br\/index.php?rest_route=\/wp\/v2\/posts\/9961\/revisions"}],"predecessor-version":[{"id":9964,"href":"https:\/\/prefeitura.santarosa.rs.gov.br\/index.php?rest_route=\/wp\/v2\/posts\/9961\/revisions\/9964"}],"wp:featuredmedia":[{"embeddable":true,"href":"https:\/\/prefeitura.santarosa.rs.gov.br\/index.php?rest_route=\/wp\/v2\/media\/9963"}],"wp:attachment":[{"href":"https:\/\/prefeitura.santarosa.rs.gov.br\/index.php?rest_route=%2Fwp%2Fv2%2Fmedia&parent=9961"}],"wp:term":[{"taxonomy":"category","embeddable":true,"href":"https:\/\/prefeitura.santarosa.rs.gov.br\/index.php?rest_route=%2Fwp%2Fv2%2Fcategories&post=9961"},{"taxonomy":"post_tag","embeddable":true,"href":"https:\/\/prefeitura.santarosa.rs.gov.br\/index.php?rest_route=%2Fwp%2Fv2%2Ftags&post=9961"}],"curies":[{"name":"wp","href":"https:\/\/api.w.org\/{rel}","templated":true}]}}