{"id":993,"date":"2021-09-08T09:28:00","date_gmt":"2021-09-08T12:28:00","guid":{"rendered":"https:\/\/prefeitura.santarosa.rs.gov.br\/?p=993"},"modified":"2024-10-07T09:54:59","modified_gmt":"2024-10-07T12:54:59","slug":"santa-rosa-recebe-novo-lote-de-d2-para-vacinacao-contra-a-covid-19","status":"publish","type":"post","link":"https:\/\/prefeitura.santarosa.rs.gov.br\/?p=993","title":{"rendered":"Santa Rosa recebe novo lote de D2 para vacina\u00e7\u00e3o contra a COVID-19"},"content":{"rendered":"\n<p>A aplica\u00e7\u00e3o das doses est\u00e1 sendo feita em todas as Unidades B\u00e1sicas de Sa\u00fade, at\u00e9 terminarem os estoques<\/p>\n\n\n\n<p>A Funda\u00e7\u00e3o Municipal de Sa\u00fade de Santa Rosa informa que recebeu na sexta-feira (03), da Secretaria de Sa\u00fade do RS, uma nova remessa de vacinas para a aplica\u00e7\u00e3o de segunda dose (D2) na popula\u00e7\u00e3o. Foram destinadas para Santa Rosa, 1.275 doses da AstraZeneca, 1.158 doses da Pfizer e 200 doses da CoronaVac.<\/p>\n\n\n\n<p>A vacina\u00e7\u00e3o de primeira dose (D1), segue acontecendo para pessoas a partir dos 18 anos. A aplica\u00e7\u00e3o das doses est\u00e1 sendo feita em todas as Unidades B\u00e1sicas de Sa\u00fade, at\u00e9 terminarem os estoques. O atendimento \u00e9 mediante agendamento pr\u00e9vio por telefone ou presencial, ou conforme o gerenciamento de cada UBS.<\/p>\n\n\n\n<p>At\u00e9 o momento, j\u00e1 foram realizadas 86.185 vacinas. Do total, 54.104 foram de D1 (Primeira Dose), essa quantidade corresponde a 73% da popula\u00e7\u00e3o vacinada, 29.821 de D2 (Segunda Dose) e 2.260 de D.U (Dose \u00fanica), sendo assim temos 32.081 pessoas com a imuniza\u00e7\u00e3o completa, 43% dos santa-rosenses. Os moradores de Santa Rosa que forem se vacinar precisam levar documento com foto, CPF, cart\u00e3o SUS e caderneta de vacina\u00e7\u00e3o.<\/p>\n","protected":false},"excerpt":{"rendered":"<p>A aplica\u00e7\u00e3o das doses est\u00e1 sendo feita em todas as Unidades B\u00e1sicas de Sa\u00fade, at\u00e9 terminarem os estoques A Funda\u00e7\u00e3o<\/p>\n","protected":false},"author":3,"featured_media":994,"comment_status":"open","ping_status":"open","sticky":false,"template":"","format":"standard","meta":{"footnotes":""},"categories":[6,4,8],"tags":[],"class_list":["post-993","post","type-post","status-publish","format-standard","has-post-thumbnail","hentry","category-covid-19","category-noticias","category-noticias-fumssar"],"aioseo_notices":[],"_links":{"self":[{"href":"https:\/\/prefeitura.santarosa.rs.gov.br\/index.php?rest_route=\/wp\/v2\/posts\/993","targetHints":{"allow":["GET"]}}],"collection":[{"href":"https:\/\/prefeitura.santarosa.rs.gov.br\/index.php?rest_route=\/wp\/v2\/posts"}],"about":[{"href":"https:\/\/prefeitura.santarosa.rs.gov.br\/index.php?rest_route=\/wp\/v2\/types\/post"}],"author":[{"embeddable":true,"href":"https:\/\/prefeitura.santarosa.rs.gov.br\/index.php?rest_route=\/wp\/v2\/users\/3"}],"replies":[{"embeddable":true,"href":"https:\/\/prefeitura.santarosa.rs.gov.br\/index.php?rest_route=%2Fwp%2Fv2%2Fcomments&post=993"}],"version-history":[{"count":1,"href":"https:\/\/prefeitura.santarosa.rs.gov.br\/index.php?rest_route=\/wp\/v2\/posts\/993\/revisions"}],"predecessor-version":[{"id":995,"href":"https:\/\/prefeitura.santarosa.rs.gov.br\/index.php?rest_route=\/wp\/v2\/posts\/993\/revisions\/995"}],"wp:featuredmedia":[{"embeddable":true,"href":"https:\/\/prefeitura.santarosa.rs.gov.br\/index.php?rest_route=\/wp\/v2\/media\/994"}],"wp:attachment":[{"href":"https:\/\/prefeitura.santarosa.rs.gov.br\/index.php?rest_route=%2Fwp%2Fv2%2Fmedia&parent=993"}],"wp:term":[{"taxonomy":"category","embeddable":true,"href":"https:\/\/prefeitura.santarosa.rs.gov.br\/index.php?rest_route=%2Fwp%2Fv2%2Fcategories&post=993"},{"taxonomy":"post_tag","embeddable":true,"href":"https:\/\/prefeitura.santarosa.rs.gov.br\/index.php?rest_route=%2Fwp%2Fv2%2Ftags&post=993"}],"curies":[{"name":"wp","href":"https:\/\/api.w.org\/{rel}","templated":true}]}}