{"id":9925,"date":"2024-04-01T16:26:46","date_gmt":"2024-04-01T19:26:46","guid":{"rendered":"https:\/\/prefeitura.santarosa.rs.gov.br\/?p=9925"},"modified":"2024-10-07T09:51:08","modified_gmt":"2024-10-07T12:51:08","slug":"estadio-carlos-denardin-com-nova-iluminacao","status":"publish","type":"post","link":"https:\/\/prefeitura.santarosa.rs.gov.br\/?p=9925","title":{"rendered":"<strong>Est\u00e1dio Carlos Denardin com nova ilumina\u00e7\u00e3o<\/strong>"},"content":{"rendered":"\n<figure class=\"wp-block-image size-full\"><img fetchpriority=\"high\" decoding=\"async\" width=\"860\" height=\"645\" src=\"https:\/\/prefeitura.santarosa.rs.gov.br\/wp-content\/uploads\/2024\/04\/Formato-Site-e-Portal-860X645-JPG-2024-04-01T162446.429.jpg\" alt=\"\" class=\"wp-image-9926\" srcset=\"https:\/\/prefeitura.santarosa.rs.gov.br\/wp-content\/uploads\/2024\/04\/Formato-Site-e-Portal-860X645-JPG-2024-04-01T162446.429.jpg 860w, https:\/\/prefeitura.santarosa.rs.gov.br\/wp-content\/uploads\/2024\/04\/Formato-Site-e-Portal-860X645-JPG-2024-04-01T162446.429-300x225.jpg 300w, https:\/\/prefeitura.santarosa.rs.gov.br\/wp-content\/uploads\/2024\/04\/Formato-Site-e-Portal-860X645-JPG-2024-04-01T162446.429-768x576.jpg 768w\" sizes=\"(max-width: 860px) 100vw, 860px\" \/><\/figure>\n\n\n\n<p>Come\u00e7ou nesta segunda-feira (01), a instala\u00e7\u00e3o da nova ilumina\u00e7\u00e3o do Est\u00e1dio Carlos Denardin. O Governo Municipal est\u00e1 investindo mais de R$ 70 mil na coloca\u00e7\u00e3o de l\u00e2mpadas LED, com recursos pr\u00f3prios do munic\u00edpio. A a\u00e7\u00e3o tem como objetivo qualificar ainda mais o espa\u00e7o p\u00fablico e padronizar a ilumina\u00e7\u00e3o para os jogos esportivos.<\/p>\n\n\n\n<p>O vice-prefeito Aldemir Ulrich e o secret\u00e1rio de esporte, Cauh\u00e3 Pereira da Silva, estiveram acompanhando a execu\u00e7\u00e3o do servi\u00e7o, \u201cEsta \u00e9 uma a\u00e7\u00e3o fundamental para voltarmos a fazer os campeonatos municipais \u00e0 noite, trazendo mais entretenimento para a popula\u00e7\u00e3o e tamb\u00e9m, a oportunidade de termos mais competi\u00e7\u00f5es durante o ano todo\u201d, destacou Cauh\u00e3.<\/p>\n\n\n\n<p>As l\u00e2mpadas LED possuem uma grande vida \u00fatil, diminuindo o gasto com a conta de energia el\u00e9trica, menor taxa de dano e mais facilidade de manuten\u00e7\u00e3o.<\/p>\n","protected":false},"excerpt":{"rendered":"<p>Come\u00e7ou nesta segunda-feira (01), a instala\u00e7\u00e3o da nova ilumina\u00e7\u00e3o do Est\u00e1dio Carlos Denardin. O Governo Municipal est\u00e1 investindo mais de<\/p>\n","protected":false},"author":6,"featured_media":9927,"comment_status":"closed","ping_status":"closed","sticky":false,"template":"","format":"standard","meta":{"footnotes":""},"categories":[4,19],"tags":[],"class_list":["post-9925","post","type-post","status-publish","format-standard","has-post-thumbnail","hentry","category-noticias","category-secretaria-municipal-de-esporte"],"aioseo_notices":[],"_links":{"self":[{"href":"https:\/\/prefeitura.santarosa.rs.gov.br\/index.php?rest_route=\/wp\/v2\/posts\/9925","targetHints":{"allow":["GET"]}}],"collection":[{"href":"https:\/\/prefeitura.santarosa.rs.gov.br\/index.php?rest_route=\/wp\/v2\/posts"}],"about":[{"href":"https:\/\/prefeitura.santarosa.rs.gov.br\/index.php?rest_route=\/wp\/v2\/types\/post"}],"author":[{"embeddable":true,"href":"https:\/\/prefeitura.santarosa.rs.gov.br\/index.php?rest_route=\/wp\/v2\/users\/6"}],"replies":[{"embeddable":true,"href":"https:\/\/prefeitura.santarosa.rs.gov.br\/index.php?rest_route=%2Fwp%2Fv2%2Fcomments&post=9925"}],"version-history":[{"count":1,"href":"https:\/\/prefeitura.santarosa.rs.gov.br\/index.php?rest_route=\/wp\/v2\/posts\/9925\/revisions"}],"predecessor-version":[{"id":9928,"href":"https:\/\/prefeitura.santarosa.rs.gov.br\/index.php?rest_route=\/wp\/v2\/posts\/9925\/revisions\/9928"}],"wp:featuredmedia":[{"embeddable":true,"href":"https:\/\/prefeitura.santarosa.rs.gov.br\/index.php?rest_route=\/wp\/v2\/media\/9927"}],"wp:attachment":[{"href":"https:\/\/prefeitura.santarosa.rs.gov.br\/index.php?rest_route=%2Fwp%2Fv2%2Fmedia&parent=9925"}],"wp:term":[{"taxonomy":"category","embeddable":true,"href":"https:\/\/prefeitura.santarosa.rs.gov.br\/index.php?rest_route=%2Fwp%2Fv2%2Fcategories&post=9925"},{"taxonomy":"post_tag","embeddable":true,"href":"https:\/\/prefeitura.santarosa.rs.gov.br\/index.php?rest_route=%2Fwp%2Fv2%2Ftags&post=9925"}],"curies":[{"name":"wp","href":"https:\/\/api.w.org\/{rel}","templated":true}]}}