{"id":9912,"date":"2024-03-28T17:19:21","date_gmt":"2024-03-28T20:19:21","guid":{"rendered":"https:\/\/prefeitura.santarosa.rs.gov.br\/?p=9912"},"modified":"2024-10-07T09:51:08","modified_gmt":"2024-10-07T12:51:08","slug":"fenasoja-2024-e-lancada-com-projecao-de-gerar-r-2-bilhoes-em-negocios","status":"publish","type":"post","link":"https:\/\/prefeitura.santarosa.rs.gov.br\/?p=9912","title":{"rendered":"Fenasoja 2024 \u00e9 lan\u00e7ada com proje\u00e7\u00e3o de gerar R$ 2 bilh\u00f5es em neg\u00f3cios"},"content":{"rendered":"\n<p><\/p>\n\n\n\n<figure class=\"wp-block-image size-full\"><img fetchpriority=\"high\" decoding=\"async\" width=\"860\" height=\"645\" src=\"https:\/\/prefeitura.santarosa.rs.gov.br\/wp-content\/uploads\/2024\/03\/Formato-Site-e-Portal-860X645-JPG-2024-03-28T171811.191.jpg\" alt=\"\" class=\"wp-image-9913\" srcset=\"https:\/\/prefeitura.santarosa.rs.gov.br\/wp-content\/uploads\/2024\/03\/Formato-Site-e-Portal-860X645-JPG-2024-03-28T171811.191.jpg 860w, https:\/\/prefeitura.santarosa.rs.gov.br\/wp-content\/uploads\/2024\/03\/Formato-Site-e-Portal-860X645-JPG-2024-03-28T171811.191-300x225.jpg 300w, https:\/\/prefeitura.santarosa.rs.gov.br\/wp-content\/uploads\/2024\/03\/Formato-Site-e-Portal-860X645-JPG-2024-03-28T171811.191-768x576.jpg 768w\" sizes=\"(max-width: 860px) 100vw, 860px\" \/><\/figure>\n\n\n\n<p>Com proje\u00e7\u00e3o de gerar R$ 2 bilh\u00f5es de neg\u00f3cios, a Fenasoja 2024 foi lan\u00e7ada oficialmente na noite da quarta-feira (27\/03), em Santa Rosa. A cerim\u00f4nia foi realizada no restaurante oficial do Parque de Exposi\u00e7\u00f5es e destacou que a edi\u00e7\u00e3o ser\u00e1 celebrativa aos 100 anos do Plantio da Soja no Brasil. O evento reuniu a imprensa, patrocinadores, lideran\u00e7as pol\u00edticas e sociais e os volunt\u00e1rios.<\/p>\n\n\n\n<p>Em sua fala, o presidente D\u00e1rio Germano disse que al\u00e9m das perspectivas de neg\u00f3cios, a feira deve receber 350 mil visitantes. \u201cEst\u00e3o confirmados mais de 600 expositores. O p\u00fablico que voltar ao Parque ir\u00e1 se deparar com a expressiva amplia\u00e7\u00e3o dos espa\u00e7os voltados ao agroneg\u00f3cio, a alma da Fenasoja. Toda a \u00e1rea est\u00e1 asfaltada, garantindo um cen\u00e1rio favor\u00e1vel aos bons neg\u00f3cios\u201d.<\/p>\n\n\n\n<p>O parque est\u00e1 recuperado dos estragos provocados pelo temporal ocorrido no final do ano passado. A \u00e1rea de estacionamento foi ampliada para receber mais 1,6 mil ve\u00edculos, saltando para cinco mil sua capacidade. Parte das vias foram pavimentadas. O Prefeito Anderson Mantei, destacou que a Fenasoja 2024 ser\u00e1 a maior da hist\u00f3ria, \u201cHoje temos que falar de pessoas, pessoas que fazem a diferen\u00e7a e que fazem nossa cidade ser t\u00e3o especial. Parab\u00e9ns para todos os volunt\u00e1rios que se dedicaram e se dedicam pela nossa Fenasoja\u201d.<\/p>\n\n\n\n<p>O parque recebeu nova ilumina\u00e7\u00e3o. O projeto Orgulho Nacional ser\u00e1 incrementado com a mascote Sojinha, personagem que estreia em uma revista em quadrinhos que estar\u00e1 inclu\u00edda nas atividades educacionais.&nbsp; A Fenasoja tamb\u00e9m investir\u00e1 R$ 1 milh\u00e3o em shows culturais atrav\u00e9s da Lei Rouanet, valorizando artistas locais e da regi\u00e3o. Al\u00e9m disso, o restaurante Fenasoja sediar\u00e1 v\u00e1rios caf\u00e9s de neg\u00f3cios, com convidados de proje\u00e7\u00e3o regional, estadual e nacional. A feira alcan\u00e7ar\u00e1 uma capta\u00e7\u00e3o recorde de patroc\u00ednio.<\/p>\n\n\n\n<p>Durante a noite de lan\u00e7amento, foi realizada a entrega da Medalha M\u00e9rito Farroupilha, honraria da Assembleia Legislativa do RS, que foi proposta pelo Deputado Estadual Alo\u00edsio Classmann.<\/p>\n\n\n\n<p>A Fenasoja 2024 vai acontecer de 17 a 26 de maio, no Parque de Exposi\u00e7\u00f5es de Santa Rosa.<\/p>\n","protected":false},"excerpt":{"rendered":"<p>Com proje\u00e7\u00e3o de gerar R$ 2 bilh\u00f5es de neg\u00f3cios, a Fenasoja 2024 foi lan\u00e7ada oficialmente na noite da quarta-feira (27\/03),<\/p>\n","protected":false},"author":5,"featured_media":9914,"comment_status":"open","ping_status":"open","sticky":false,"template":"","format":"standard","meta":{"footnotes":""},"categories":[4,3],"tags":[],"class_list":["post-9912","post","type-post","status-publish","format-standard","has-post-thumbnail","hentry","category-noticias","category-gabinete-do-prefeito"],"aioseo_notices":[],"_links":{"self":[{"href":"https:\/\/prefeitura.santarosa.rs.gov.br\/index.php?rest_route=\/wp\/v2\/posts\/9912","targetHints":{"allow":["GET"]}}],"collection":[{"href":"https:\/\/prefeitura.santarosa.rs.gov.br\/index.php?rest_route=\/wp\/v2\/posts"}],"about":[{"href":"https:\/\/prefeitura.santarosa.rs.gov.br\/index.php?rest_route=\/wp\/v2\/types\/post"}],"author":[{"embeddable":true,"href":"https:\/\/prefeitura.santarosa.rs.gov.br\/index.php?rest_route=\/wp\/v2\/users\/5"}],"replies":[{"embeddable":true,"href":"https:\/\/prefeitura.santarosa.rs.gov.br\/index.php?rest_route=%2Fwp%2Fv2%2Fcomments&post=9912"}],"version-history":[{"count":1,"href":"https:\/\/prefeitura.santarosa.rs.gov.br\/index.php?rest_route=\/wp\/v2\/posts\/9912\/revisions"}],"predecessor-version":[{"id":9915,"href":"https:\/\/prefeitura.santarosa.rs.gov.br\/index.php?rest_route=\/wp\/v2\/posts\/9912\/revisions\/9915"}],"wp:featuredmedia":[{"embeddable":true,"href":"https:\/\/prefeitura.santarosa.rs.gov.br\/index.php?rest_route=\/wp\/v2\/media\/9914"}],"wp:attachment":[{"href":"https:\/\/prefeitura.santarosa.rs.gov.br\/index.php?rest_route=%2Fwp%2Fv2%2Fmedia&parent=9912"}],"wp:term":[{"taxonomy":"category","embeddable":true,"href":"https:\/\/prefeitura.santarosa.rs.gov.br\/index.php?rest_route=%2Fwp%2Fv2%2Fcategories&post=9912"},{"taxonomy":"post_tag","embeddable":true,"href":"https:\/\/prefeitura.santarosa.rs.gov.br\/index.php?rest_route=%2Fwp%2Fv2%2Ftags&post=9912"}],"curies":[{"name":"wp","href":"https:\/\/api.w.org\/{rel}","templated":true}]}}