{"id":9870,"date":"2024-03-27T10:59:21","date_gmt":"2024-03-27T13:59:21","guid":{"rendered":"https:\/\/prefeitura.santarosa.rs.gov.br\/?p=9870"},"modified":"2024-10-07T09:51:08","modified_gmt":"2024-10-07T12:51:08","slug":"2a-caminhada-pela-paz-e-realizada-pelas-emeis-do-bairro-cruzeiro","status":"publish","type":"post","link":"https:\/\/prefeitura.santarosa.rs.gov.br\/?p=9870","title":{"rendered":"<strong>2\u00aa Caminhada pela Paz \u00e9 realizada pelas EMEIs do bairro Cruzeiro<\/strong>"},"content":{"rendered":"\n<figure class=\"wp-block-image size-full\"><img fetchpriority=\"high\" decoding=\"async\" width=\"860\" height=\"645\" src=\"https:\/\/prefeitura.santarosa.rs.gov.br\/wp-content\/uploads\/2024\/03\/Formato-Site-e-Portal-860X645-JPG-2024-03-27T103026.035.jpg\" alt=\"\" class=\"wp-image-9871\" srcset=\"https:\/\/prefeitura.santarosa.rs.gov.br\/wp-content\/uploads\/2024\/03\/Formato-Site-e-Portal-860X645-JPG-2024-03-27T103026.035.jpg 860w, https:\/\/prefeitura.santarosa.rs.gov.br\/wp-content\/uploads\/2024\/03\/Formato-Site-e-Portal-860X645-JPG-2024-03-27T103026.035-300x225.jpg 300w, https:\/\/prefeitura.santarosa.rs.gov.br\/wp-content\/uploads\/2024\/03\/Formato-Site-e-Portal-860X645-JPG-2024-03-27T103026.035-768x576.jpg 768w\" sizes=\"(max-width: 860px) 100vw, 860px\" \/><\/figure>\n\n\n\n<p>Com a proximidade da P\u00e1scoa, cinco Escolas Municipais de Educa\u00e7\u00e3o Infantil \u2013 EMEIs do bairro Cruzeiro, realizaram a 2\u00aa edi\u00e7\u00e3o da Caminhada pela Paz. O objetivo foi promover uma reflex\u00e3o nesta \u00e9poca do ano, que traz \u00e0 tona os sentimentos de renova\u00e7\u00e3o, comunh\u00e3o e fraternidade. A a\u00e7\u00e3o aconteceu na noite desta ter\u00e7a-feira (26), na Avenida Flores da Cunha, em Cruzeiro. A atividade foi acompanhada pela Secretaria de Educa\u00e7\u00e3o e Cultura e promovida pelas escolas: EMEI Crian\u00e7a Esperan\u00e7a, EMEI Mundo Encantado, EMEI Caminhos do Saber, EMEI Crian\u00e7a Feliz e EMEI Amor Perfeito.<\/p>\n\n\n\n<p>O evento reuniu servidores e fam\u00edlias das cinco escolas, que confeccionaram cartazes e faixas com frases sobre a paz. Na oportunidade, a Secret\u00e1ria de Educa\u00e7\u00e3o e Cultura, Lires Zimmermann, tamb\u00e9m realizou o percurso e prestigiou a atividade, \u201c\u00c9 importante promovermos momentos de reflex\u00e3o e semear a paz dentro das nossas escolas, das fam\u00edlias e da comunidade em geral. \u00c9 um movimento para que todos consigam olhar seus semelhantes com carinho, afeto e respeito\u201d.<\/p>\n\n\n\n<p>As escolas da Rede Municipal Ensino, ao longo de todo o ano, organizam e promovem a\u00e7\u00f5es neste sentido, com o objetivo de aproximar as fam\u00edlias da escola e incluir na rotina, atitudes que fortale\u00e7am o respeito m\u00fatuo e as boas pr\u00e1ticas em sociedade.<\/p>\n","protected":false},"excerpt":{"rendered":"<p>Com a proximidade da P\u00e1scoa, cinco Escolas Municipais de Educa\u00e7\u00e3o Infantil \u2013 EMEIs do bairro Cruzeiro, realizaram a 2\u00aa edi\u00e7\u00e3o<\/p>\n","protected":false},"author":6,"featured_media":9872,"comment_status":"closed","ping_status":"closed","sticky":false,"template":"","format":"standard","meta":{"footnotes":""},"categories":[4,18],"tags":[],"class_list":["post-9870","post","type-post","status-publish","format-standard","has-post-thumbnail","hentry","category-noticias","category-secretaria-municipal-de-educacao-e-cultura"],"aioseo_notices":[],"_links":{"self":[{"href":"https:\/\/prefeitura.santarosa.rs.gov.br\/index.php?rest_route=\/wp\/v2\/posts\/9870","targetHints":{"allow":["GET"]}}],"collection":[{"href":"https:\/\/prefeitura.santarosa.rs.gov.br\/index.php?rest_route=\/wp\/v2\/posts"}],"about":[{"href":"https:\/\/prefeitura.santarosa.rs.gov.br\/index.php?rest_route=\/wp\/v2\/types\/post"}],"author":[{"embeddable":true,"href":"https:\/\/prefeitura.santarosa.rs.gov.br\/index.php?rest_route=\/wp\/v2\/users\/6"}],"replies":[{"embeddable":true,"href":"https:\/\/prefeitura.santarosa.rs.gov.br\/index.php?rest_route=%2Fwp%2Fv2%2Fcomments&post=9870"}],"version-history":[{"count":1,"href":"https:\/\/prefeitura.santarosa.rs.gov.br\/index.php?rest_route=\/wp\/v2\/posts\/9870\/revisions"}],"predecessor-version":[{"id":9873,"href":"https:\/\/prefeitura.santarosa.rs.gov.br\/index.php?rest_route=\/wp\/v2\/posts\/9870\/revisions\/9873"}],"wp:featuredmedia":[{"embeddable":true,"href":"https:\/\/prefeitura.santarosa.rs.gov.br\/index.php?rest_route=\/wp\/v2\/media\/9872"}],"wp:attachment":[{"href":"https:\/\/prefeitura.santarosa.rs.gov.br\/index.php?rest_route=%2Fwp%2Fv2%2Fmedia&parent=9870"}],"wp:term":[{"taxonomy":"category","embeddable":true,"href":"https:\/\/prefeitura.santarosa.rs.gov.br\/index.php?rest_route=%2Fwp%2Fv2%2Fcategories&post=9870"},{"taxonomy":"post_tag","embeddable":true,"href":"https:\/\/prefeitura.santarosa.rs.gov.br\/index.php?rest_route=%2Fwp%2Fv2%2Ftags&post=9870"}],"curies":[{"name":"wp","href":"https:\/\/api.w.org\/{rel}","templated":true}]}}