{"id":9841,"date":"2024-03-25T11:09:18","date_gmt":"2024-03-25T14:09:18","guid":{"rendered":"https:\/\/prefeitura.santarosa.rs.gov.br\/?p=9841"},"modified":"2024-10-07T09:51:52","modified_gmt":"2024-10-07T12:51:52","slug":"cruzada-internacional-fe-e-milagres-movimentou-milhares-de-pessoas-em-santa-rosa","status":"publish","type":"post","link":"https:\/\/prefeitura.santarosa.rs.gov.br\/?p=9841","title":{"rendered":"<strong>Cruzada Internacional F\u00e9 e Milagres movimentou milhares de pessoas em Santa Rosa<\/strong>"},"content":{"rendered":"\n<figure class=\"wp-block-image size-full\"><img fetchpriority=\"high\" decoding=\"async\" width=\"860\" height=\"645\" src=\"https:\/\/prefeitura.santarosa.rs.gov.br\/wp-content\/uploads\/2024\/03\/Formato-Site-e-Portal-860X645-JPG-2024-03-25T110704.334.jpg\" alt=\"\" class=\"wp-image-9842\" srcset=\"https:\/\/prefeitura.santarosa.rs.gov.br\/wp-content\/uploads\/2024\/03\/Formato-Site-e-Portal-860X645-JPG-2024-03-25T110704.334.jpg 860w, https:\/\/prefeitura.santarosa.rs.gov.br\/wp-content\/uploads\/2024\/03\/Formato-Site-e-Portal-860X645-JPG-2024-03-25T110704.334-300x225.jpg 300w, https:\/\/prefeitura.santarosa.rs.gov.br\/wp-content\/uploads\/2024\/03\/Formato-Site-e-Portal-860X645-JPG-2024-03-25T110704.334-768x576.jpg 768w\" sizes=\"(max-width: 860px) 100vw, 860px\" \/><\/figure>\n\n\n\n<p>A Pra\u00e7a da Bandeira foi palco de um grande evento evangel\u00edstico na \u00faltima semana. De quinta-feira at\u00e9 s\u00e1bado (21, 22 e 23\/03), aconteceu em Santa Rosa, a Cruzada Internacional F\u00e9 e Milagres, promovida pela Miss\u00e3o Crist\u00e3. A a\u00e7\u00e3o teve a parceria de todas as igrejas evang\u00e9licas do munic\u00edpio e contou com louvores e mensagens b\u00edblicas para a multid\u00e3o que estava presente.<\/p>\n\n\n\n<p>A equipe que coordena a Cruzada, tamb\u00e9m realizou palestras em algumas escolas do munic\u00edpio e distribuiu 2 toneladas de alimento na cidade. Al\u00e9m disso, no s\u00e1bado de manh\u00e3, a programa\u00e7\u00e3o foi voltada para as crian\u00e7as. A ministra\u00e7\u00e3o durante as tr\u00eas noites foi realizada pelo evangelista Rubens Cunha, que viaja pelo mundo compartilhando mensagens de paz e reconcilia\u00e7\u00e3o com Deus.<\/p>\n","protected":false},"excerpt":{"rendered":"<p>A Pra\u00e7a da Bandeira foi palco de um grande evento evangel\u00edstico na \u00faltima semana. De quinta-feira at\u00e9 s\u00e1bado (21, 22<\/p>\n","protected":false},"author":6,"featured_media":9843,"comment_status":"closed","ping_status":"closed","sticky":false,"template":"","format":"standard","meta":{"footnotes":""},"categories":[4,18],"tags":[],"class_list":["post-9841","post","type-post","status-publish","format-standard","has-post-thumbnail","hentry","category-noticias","category-secretaria-municipal-de-educacao-e-cultura"],"aioseo_notices":[],"_links":{"self":[{"href":"https:\/\/prefeitura.santarosa.rs.gov.br\/index.php?rest_route=\/wp\/v2\/posts\/9841","targetHints":{"allow":["GET"]}}],"collection":[{"href":"https:\/\/prefeitura.santarosa.rs.gov.br\/index.php?rest_route=\/wp\/v2\/posts"}],"about":[{"href":"https:\/\/prefeitura.santarosa.rs.gov.br\/index.php?rest_route=\/wp\/v2\/types\/post"}],"author":[{"embeddable":true,"href":"https:\/\/prefeitura.santarosa.rs.gov.br\/index.php?rest_route=\/wp\/v2\/users\/6"}],"replies":[{"embeddable":true,"href":"https:\/\/prefeitura.santarosa.rs.gov.br\/index.php?rest_route=%2Fwp%2Fv2%2Fcomments&post=9841"}],"version-history":[{"count":1,"href":"https:\/\/prefeitura.santarosa.rs.gov.br\/index.php?rest_route=\/wp\/v2\/posts\/9841\/revisions"}],"predecessor-version":[{"id":9844,"href":"https:\/\/prefeitura.santarosa.rs.gov.br\/index.php?rest_route=\/wp\/v2\/posts\/9841\/revisions\/9844"}],"wp:featuredmedia":[{"embeddable":true,"href":"https:\/\/prefeitura.santarosa.rs.gov.br\/index.php?rest_route=\/wp\/v2\/media\/9843"}],"wp:attachment":[{"href":"https:\/\/prefeitura.santarosa.rs.gov.br\/index.php?rest_route=%2Fwp%2Fv2%2Fmedia&parent=9841"}],"wp:term":[{"taxonomy":"category","embeddable":true,"href":"https:\/\/prefeitura.santarosa.rs.gov.br\/index.php?rest_route=%2Fwp%2Fv2%2Fcategories&post=9841"},{"taxonomy":"post_tag","embeddable":true,"href":"https:\/\/prefeitura.santarosa.rs.gov.br\/index.php?rest_route=%2Fwp%2Fv2%2Ftags&post=9841"}],"curies":[{"name":"wp","href":"https:\/\/api.w.org\/{rel}","templated":true}]}}