{"id":9800,"date":"2024-03-20T15:04:49","date_gmt":"2024-03-20T18:04:49","guid":{"rendered":"https:\/\/prefeitura.santarosa.rs.gov.br\/?p=9800"},"modified":"2024-10-07T09:51:53","modified_gmt":"2024-10-07T12:51:53","slug":"comite-se-reune-para-tratar-do-desassoreamento-dos-rios","status":"publish","type":"post","link":"https:\/\/prefeitura.santarosa.rs.gov.br\/?p=9800","title":{"rendered":"<strong>Comit\u00ea se re\u00fane para tratar do desassoreamento dos rios<\/strong>"},"content":{"rendered":"\n<figure class=\"wp-block-image size-full\"><img fetchpriority=\"high\" decoding=\"async\" width=\"860\" height=\"645\" src=\"https:\/\/prefeitura.santarosa.rs.gov.br\/wp-content\/uploads\/2024\/03\/Formato-Site-e-Portal-860X645-JPG-2024-03-20T150421.235.jpg\" alt=\"\" class=\"wp-image-9801\" srcset=\"https:\/\/prefeitura.santarosa.rs.gov.br\/wp-content\/uploads\/2024\/03\/Formato-Site-e-Portal-860X645-JPG-2024-03-20T150421.235.jpg 860w, https:\/\/prefeitura.santarosa.rs.gov.br\/wp-content\/uploads\/2024\/03\/Formato-Site-e-Portal-860X645-JPG-2024-03-20T150421.235-300x225.jpg 300w, https:\/\/prefeitura.santarosa.rs.gov.br\/wp-content\/uploads\/2024\/03\/Formato-Site-e-Portal-860X645-JPG-2024-03-20T150421.235-768x576.jpg 768w\" sizes=\"(max-width: 860px) 100vw, 860px\" \/><\/figure>\n\n\n\n<p>Integrantes do Comit\u00ea de Desassoreamento dos Rios se reuniram na manh\u00e3 desta quarta-feira (20), na Prefeitura. A a\u00e7\u00e3o foi coordenada pelo vice-prefeito, Aldemir Ulrich. O objetivo do encontro foi atualizar as demandas ap\u00f3s as fortes chuvas que atingiram Santa Rosa no in\u00edcio desta semana. Na oportunidade, a comiss\u00e3o composta por integrantes da Defesa Civil, Secretaria de Meio Ambiente e Secretaria de Obras, apresentaram um levantamento dos pontos mais cr\u00edticos, como tamb\u00e9m, falaram do trabalho que vem sendo realizado em toda a cidade.<\/p>\n\n\n\n<p>Conforme os dados repassados pela Defesa Civil do munic\u00edpio, s\u00f3 em Santa Rosa foram registrados 190 mm de chuva, no per\u00edodo de segunda para ter\u00e7a-feira. Ap\u00f3s as fortes chuvas, equipes da Prefeitura trabalharam na desobstru\u00e7\u00e3o de pontes, retirada de galhos e \u00e1rvores ca\u00eddas, entre outras a\u00e7\u00f5es. O vice-prefeito Aldemir Ulrich, destacou que todas as demandas est\u00e3o sendo atendidas e que em breve, deve iniciar um novo trabalho de desassoreamento nos rios do munic\u00edpio, \u201cO resultado do servi\u00e7o realizado em 2022, mostrou que este foi um recurso bem aplicado e por isso, vamos manter esta a\u00e7\u00e3o e aperfei\u00e7oar ainda mais esse importante trabalho que previne as inunda\u00e7\u00f5es e traz mais seguran\u00e7a para a popula\u00e7\u00e3o\u201d.<\/p>\n\n\n\n<p>Em 2022, a Prefeitura realizou o desassoreamento nos rios: Lajeado Paulino, Pessegueiro, Pessegueirinho, Lajeado Figueira e Sanga do In\u00e1cio. Essa a\u00e7\u00e3o preventiva foi fundamental para que mesmo, com todas as chuvas de 2023, nenhuma fam\u00edlia sofresse com enchentes. Al\u00e9m disso, o Governo Municipal realizou h\u00e1 alguns meses, um mapeamento georreferenciado sobre os principais pontos de inunda\u00e7\u00e3o. Este material foi encaminhado ao Estado, com o objetivo de solicitar o licenciamento ambiental para realizar novamente, as obras nos rios.<\/p>\n","protected":false},"excerpt":{"rendered":"<p>Integrantes do Comit\u00ea de Desassoreamento dos Rios se reuniram na manh\u00e3 desta quarta-feira (20), na Prefeitura. A a\u00e7\u00e3o foi coordenada<\/p>\n","protected":false},"author":6,"featured_media":9802,"comment_status":"closed","ping_status":"closed","sticky":false,"template":"","format":"standard","meta":{"footnotes":""},"categories":[4,9],"tags":[],"class_list":["post-9800","post","type-post","status-publish","format-standard","has-post-thumbnail","hentry","category-noticias","category-gabinete-do-vice-prefeito"],"aioseo_notices":[],"_links":{"self":[{"href":"https:\/\/prefeitura.santarosa.rs.gov.br\/index.php?rest_route=\/wp\/v2\/posts\/9800","targetHints":{"allow":["GET"]}}],"collection":[{"href":"https:\/\/prefeitura.santarosa.rs.gov.br\/index.php?rest_route=\/wp\/v2\/posts"}],"about":[{"href":"https:\/\/prefeitura.santarosa.rs.gov.br\/index.php?rest_route=\/wp\/v2\/types\/post"}],"author":[{"embeddable":true,"href":"https:\/\/prefeitura.santarosa.rs.gov.br\/index.php?rest_route=\/wp\/v2\/users\/6"}],"replies":[{"embeddable":true,"href":"https:\/\/prefeitura.santarosa.rs.gov.br\/index.php?rest_route=%2Fwp%2Fv2%2Fcomments&post=9800"}],"version-history":[{"count":1,"href":"https:\/\/prefeitura.santarosa.rs.gov.br\/index.php?rest_route=\/wp\/v2\/posts\/9800\/revisions"}],"predecessor-version":[{"id":9803,"href":"https:\/\/prefeitura.santarosa.rs.gov.br\/index.php?rest_route=\/wp\/v2\/posts\/9800\/revisions\/9803"}],"wp:featuredmedia":[{"embeddable":true,"href":"https:\/\/prefeitura.santarosa.rs.gov.br\/index.php?rest_route=\/wp\/v2\/media\/9802"}],"wp:attachment":[{"href":"https:\/\/prefeitura.santarosa.rs.gov.br\/index.php?rest_route=%2Fwp%2Fv2%2Fmedia&parent=9800"}],"wp:term":[{"taxonomy":"category","embeddable":true,"href":"https:\/\/prefeitura.santarosa.rs.gov.br\/index.php?rest_route=%2Fwp%2Fv2%2Fcategories&post=9800"},{"taxonomy":"post_tag","embeddable":true,"href":"https:\/\/prefeitura.santarosa.rs.gov.br\/index.php?rest_route=%2Fwp%2Fv2%2Ftags&post=9800"}],"curies":[{"name":"wp","href":"https:\/\/api.w.org\/{rel}","templated":true}]}}