{"id":9796,"date":"2024-03-19T16:48:22","date_gmt":"2024-03-19T19:48:22","guid":{"rendered":"https:\/\/prefeitura.santarosa.rs.gov.br\/?p=9796"},"modified":"2024-10-07T09:51:53","modified_gmt":"2024-10-07T12:51:53","slug":"vai-comecar-a-obra-do-novo-ginasio-municipal","status":"publish","type":"post","link":"https:\/\/prefeitura.santarosa.rs.gov.br\/?p=9796","title":{"rendered":"<strong>Vai come\u00e7ar a obra do novo Gin\u00e1sio Municipal<\/strong>"},"content":{"rendered":"\n<p><em>Mais de R$ 16 milh\u00f5es ser\u00e3o investidos pela Prefeitura<\/em><\/p>\n\n\n\n<figure class=\"wp-block-image size-full\"><img fetchpriority=\"high\" decoding=\"async\" width=\"860\" height=\"645\" src=\"https:\/\/prefeitura.santarosa.rs.gov.br\/wp-content\/uploads\/2024\/03\/Formato-Site-e-Portal-860X645-JPG-2024-03-19T164737.720.jpg\" alt=\"\" class=\"wp-image-9797\" srcset=\"https:\/\/prefeitura.santarosa.rs.gov.br\/wp-content\/uploads\/2024\/03\/Formato-Site-e-Portal-860X645-JPG-2024-03-19T164737.720.jpg 860w, https:\/\/prefeitura.santarosa.rs.gov.br\/wp-content\/uploads\/2024\/03\/Formato-Site-e-Portal-860X645-JPG-2024-03-19T164737.720-300x225.jpg 300w, https:\/\/prefeitura.santarosa.rs.gov.br\/wp-content\/uploads\/2024\/03\/Formato-Site-e-Portal-860X645-JPG-2024-03-19T164737.720-768x576.jpg 768w\" sizes=\"(max-width: 860px) 100vw, 860px\" \/><\/figure>\n\n\n\n<p>Um momento hist\u00f3rico para o esporte em Santa Rosa. Em breve, os santa-rosenses v\u00e3o poder usufruir de um novo complexo para o esporte, cultura e lazer. O Prefeito Anderson Mantei assinou na manh\u00e3 desta ter\u00e7a-feira (19), a ordem de in\u00edcio do novo Gin\u00e1sio Municipal. Ser\u00e3o investidos mais de R$ 16 milh\u00f5es da Prefeitura nesta obra. O local ser\u00e1 constru\u00eddo com capacidade para mais de 4 mil pessoas, sendo 2.100 sentadas. Al\u00e9m disso, o projeto contempla quadras com as metragens exigidas para campeonatos de todas as modalidades esportivas e um amplo espa\u00e7o para shows e eventos do munic\u00edpio.<\/p>\n\n\n\n<p>O novo gin\u00e1sio de Santa Rosa vai estar localizado em um terreno com frente para Avenida Am\u00e9rica, fundos da Secretaria Municipal de Obras, no bairro S\u00e3o Francisco. Al\u00e9m do palco para shows, o espa\u00e7o vai contar com sala de apoio \u00e0 imprensa, vesti\u00e1rios, sanit\u00e1rios, vagas de estacionamento, ilumina\u00e7\u00e3o e lanchonete\/bar. O Prefeito Anderson Mantei destacou que este grande investimento s\u00f3 \u00e9 poss\u00edvel, devido ao trabalho feito com planejamento e das economias da gest\u00e3o, \u201cEsta ser\u00e1 uma das mais importantes obras que vamos realizar, algo extraordin\u00e1rio, visto s\u00f3 em grandes metr\u00f3poles. Nosso objetivo enquanto governo \u00e9 aplicar recursos e implementar melhorias que auxiliem na qualidade de vida da popula\u00e7\u00e3o, proporcionem o acesso facilitado e com infraestrutura adequada para a pr\u00e1tica de esportes, cultura e lazer. Ser\u00e1 um grande projeto que vai beneficiar todos os santa-rosenses\u201d.<\/p>\n\n\n\n<p>Mais de R$ 16 milh\u00f5es ser\u00e3o investidos no local. O prazo de execu\u00e7\u00e3o ser\u00e1 de 450 dias corridos (15 meses) para a execu\u00e7\u00e3o das obras, conforme o contrato. A assinatura ocorreu no Parque de Exposi\u00e7\u00f5es Alfredo Leandro Carlson, durante o Caf\u00e9 de Neg\u00f3cios do Sindilojas. Autoridades e representantes de institui\u00e7\u00f5es participaram do ato.<\/p>\n","protected":false},"excerpt":{"rendered":"<p>Mais de R$ 16 milh\u00f5es ser\u00e3o investidos pela Prefeitura Um momento hist\u00f3rico para o esporte em Santa Rosa. Em breve,<\/p>\n","protected":false},"author":6,"featured_media":9798,"comment_status":"closed","ping_status":"closed","sticky":false,"template":"","format":"standard","meta":{"footnotes":""},"categories":[4,22],"tags":[],"class_list":["post-9796","post","type-post","status-publish","format-standard","has-post-thumbnail","hentry","category-noticias","category-secretaria-municipal-de-planejamento-e-habitacao"],"aioseo_notices":[],"_links":{"self":[{"href":"https:\/\/prefeitura.santarosa.rs.gov.br\/index.php?rest_route=\/wp\/v2\/posts\/9796","targetHints":{"allow":["GET"]}}],"collection":[{"href":"https:\/\/prefeitura.santarosa.rs.gov.br\/index.php?rest_route=\/wp\/v2\/posts"}],"about":[{"href":"https:\/\/prefeitura.santarosa.rs.gov.br\/index.php?rest_route=\/wp\/v2\/types\/post"}],"author":[{"embeddable":true,"href":"https:\/\/prefeitura.santarosa.rs.gov.br\/index.php?rest_route=\/wp\/v2\/users\/6"}],"replies":[{"embeddable":true,"href":"https:\/\/prefeitura.santarosa.rs.gov.br\/index.php?rest_route=%2Fwp%2Fv2%2Fcomments&post=9796"}],"version-history":[{"count":1,"href":"https:\/\/prefeitura.santarosa.rs.gov.br\/index.php?rest_route=\/wp\/v2\/posts\/9796\/revisions"}],"predecessor-version":[{"id":9799,"href":"https:\/\/prefeitura.santarosa.rs.gov.br\/index.php?rest_route=\/wp\/v2\/posts\/9796\/revisions\/9799"}],"wp:featuredmedia":[{"embeddable":true,"href":"https:\/\/prefeitura.santarosa.rs.gov.br\/index.php?rest_route=\/wp\/v2\/media\/9798"}],"wp:attachment":[{"href":"https:\/\/prefeitura.santarosa.rs.gov.br\/index.php?rest_route=%2Fwp%2Fv2%2Fmedia&parent=9796"}],"wp:term":[{"taxonomy":"category","embeddable":true,"href":"https:\/\/prefeitura.santarosa.rs.gov.br\/index.php?rest_route=%2Fwp%2Fv2%2Fcategories&post=9796"},{"taxonomy":"post_tag","embeddable":true,"href":"https:\/\/prefeitura.santarosa.rs.gov.br\/index.php?rest_route=%2Fwp%2Fv2%2Ftags&post=9796"}],"curies":[{"name":"wp","href":"https:\/\/api.w.org\/{rel}","templated":true}]}}