{"id":9779,"date":"2024-03-18T16:34:01","date_gmt":"2024-03-18T19:34:01","guid":{"rendered":"https:\/\/prefeitura.santarosa.rs.gov.br\/?p=9779"},"modified":"2024-10-07T09:51:53","modified_gmt":"2024-10-07T12:51:53","slug":"karate-para-todos-e-realizado-em-santa-rosa","status":"publish","type":"post","link":"https:\/\/prefeitura.santarosa.rs.gov.br\/?p=9779","title":{"rendered":"3\u00ba Campeonato Projeto Karat\u00ea para Todos \u00e9 realizado em Santa Rosa"},"content":{"rendered":"\n<figure class=\"wp-block-image size-full\"><img fetchpriority=\"high\" decoding=\"async\" width=\"860\" height=\"645\" src=\"https:\/\/prefeitura.santarosa.rs.gov.br\/wp-content\/uploads\/2024\/03\/Formato-Site-e-Portal-860X645-JPG-2024-03-18T163221.867.jpg\" alt=\"\" class=\"wp-image-9780\" srcset=\"https:\/\/prefeitura.santarosa.rs.gov.br\/wp-content\/uploads\/2024\/03\/Formato-Site-e-Portal-860X645-JPG-2024-03-18T163221.867.jpg 860w, https:\/\/prefeitura.santarosa.rs.gov.br\/wp-content\/uploads\/2024\/03\/Formato-Site-e-Portal-860X645-JPG-2024-03-18T163221.867-300x225.jpg 300w, https:\/\/prefeitura.santarosa.rs.gov.br\/wp-content\/uploads\/2024\/03\/Formato-Site-e-Portal-860X645-JPG-2024-03-18T163221.867-768x576.jpg 768w\" sizes=\"(max-width: 860px) 100vw, 860px\" \/><\/figure>\n\n\n\n<p><br>No \u00faltimo\u00a0domingo\u00a0(17), foi realizado em Santa Rosa, o 3\u00ba Campeonato Projeto Karat\u00ea para Todos. O evento aconteceu no Gin\u00e1sio Municipal Jo\u00e3o Batista Moroni e contou com mais de 160 atletas do munic\u00edpio e da regi\u00e3o. As disputas foram divididas em duas modalidades de karat\u00ea: Kata (formas) e Kumite (lutas). O campeonato foi promovido pela prefeitura, atrav\u00e9s da Secretaria de Esporte, CEU das Artes, Projeto Social Karat\u00ea para Todos, e em parceria com a Academia Drag\u00f5es do Oriente e a Associa\u00e7\u00e3o de Artes Marciais Capoeira e Dan\u00e7a Grande Santa Rosa.\u00a0<\/p>\n\n\n\n<p><br>A competi\u00e7\u00e3o reuniu professores, alunos, pais e autoridades. Os atletas de Santa Rosa que participaram, fazem parte do projeto: \u201cKarat\u00ea para Todos\u201d. Um grande projeto que foi implementado pela prefeitura e que envolve mais de mil crian\u00e7as e adolescentes do munic\u00edpio. O principal objetivo \u00e9 contribuir para a socializa\u00e7\u00e3o e o desenvolvimento, al\u00e9m de motivar e unir os praticantes dos diversos locais onde s\u00e3o atendidos com o projeto gratuitamente. Para o Secret\u00e1rio de Esporte, Cauh\u00e3 Pereira da Silva, o campeonato \u00e9 muito importante para incentivar ainda mais a pr\u00e1tica de atividade f\u00edsica, \u201cO projeto Karat\u00ea Para Todos, contribui para o desenvolvimento integral dos nossos jovens. Estamos imensamente felizes em fazer parte da hist\u00f3ria destas crian\u00e7as no esporte\u201d.\u00a0<\/p>\n\n\n\n<p><br>Os atletas destaques nesta edi\u00e7\u00e3o foram: Dandara Fuhr Kretzmann \u2013 categoria feminina (aluna da Escola Paul Harris no Bairro Central) e Bernardo Natanael dos Santos \u2013 categoria Masculina (aluno atendido pelo projeto junto a academia Drag\u00f5es). Na oportunidade, tamb\u00e9m foram entregues 500 novos Kimonos e um tatame de 64m\u00b2, tamanho oficial para eventos. O investimento foi realizado atrav\u00e9s de repasse do Governo Federal.<\/p>\n","protected":false},"excerpt":{"rendered":"<p>No \u00faltimo\u00a0domingo\u00a0(17), foi realizado em Santa Rosa, o 3\u00ba Campeonato Projeto Karat\u00ea para Todos. O evento aconteceu no Gin\u00e1sio Municipal<\/p>\n","protected":false},"author":5,"featured_media":9781,"comment_status":"open","ping_status":"open","sticky":false,"template":"","format":"standard","meta":{"footnotes":""},"categories":[4,19],"tags":[],"class_list":["post-9779","post","type-post","status-publish","format-standard","has-post-thumbnail","hentry","category-noticias","category-secretaria-municipal-de-esporte"],"aioseo_notices":[],"_links":{"self":[{"href":"https:\/\/prefeitura.santarosa.rs.gov.br\/index.php?rest_route=\/wp\/v2\/posts\/9779","targetHints":{"allow":["GET"]}}],"collection":[{"href":"https:\/\/prefeitura.santarosa.rs.gov.br\/index.php?rest_route=\/wp\/v2\/posts"}],"about":[{"href":"https:\/\/prefeitura.santarosa.rs.gov.br\/index.php?rest_route=\/wp\/v2\/types\/post"}],"author":[{"embeddable":true,"href":"https:\/\/prefeitura.santarosa.rs.gov.br\/index.php?rest_route=\/wp\/v2\/users\/5"}],"replies":[{"embeddable":true,"href":"https:\/\/prefeitura.santarosa.rs.gov.br\/index.php?rest_route=%2Fwp%2Fv2%2Fcomments&post=9779"}],"version-history":[{"count":2,"href":"https:\/\/prefeitura.santarosa.rs.gov.br\/index.php?rest_route=\/wp\/v2\/posts\/9779\/revisions"}],"predecessor-version":[{"id":9783,"href":"https:\/\/prefeitura.santarosa.rs.gov.br\/index.php?rest_route=\/wp\/v2\/posts\/9779\/revisions\/9783"}],"wp:featuredmedia":[{"embeddable":true,"href":"https:\/\/prefeitura.santarosa.rs.gov.br\/index.php?rest_route=\/wp\/v2\/media\/9781"}],"wp:attachment":[{"href":"https:\/\/prefeitura.santarosa.rs.gov.br\/index.php?rest_route=%2Fwp%2Fv2%2Fmedia&parent=9779"}],"wp:term":[{"taxonomy":"category","embeddable":true,"href":"https:\/\/prefeitura.santarosa.rs.gov.br\/index.php?rest_route=%2Fwp%2Fv2%2Fcategories&post=9779"},{"taxonomy":"post_tag","embeddable":true,"href":"https:\/\/prefeitura.santarosa.rs.gov.br\/index.php?rest_route=%2Fwp%2Fv2%2Ftags&post=9779"}],"curies":[{"name":"wp","href":"https:\/\/api.w.org\/{rel}","templated":true}]}}