{"id":9676,"date":"2024-03-05T14:30:29","date_gmt":"2024-03-05T17:30:29","guid":{"rendered":"https:\/\/prefeitura.santarosa.rs.gov.br\/?p=9676"},"modified":"2024-10-07T09:51:53","modified_gmt":"2024-10-07T12:51:53","slug":"retrospectiva-secretarias-municipais-comunicacao-2","status":"publish","type":"post","link":"https:\/\/prefeitura.santarosa.rs.gov.br\/?p=9676","title":{"rendered":"<strong>Retrospectiva Secretarias Municipais: Comunica\u00e7\u00e3o<\/strong>"},"content":{"rendered":"\n<figure class=\"wp-block-image size-full\"><img fetchpriority=\"high\" decoding=\"async\" width=\"860\" height=\"645\" src=\"https:\/\/prefeitura.santarosa.rs.gov.br\/wp-content\/uploads\/2024\/03\/Formato-Site-e-Portal-860X645-JPG-2024-03-05T142802.263.jpg\" alt=\"\" class=\"wp-image-9677\" srcset=\"https:\/\/prefeitura.santarosa.rs.gov.br\/wp-content\/uploads\/2024\/03\/Formato-Site-e-Portal-860X645-JPG-2024-03-05T142802.263.jpg 860w, https:\/\/prefeitura.santarosa.rs.gov.br\/wp-content\/uploads\/2024\/03\/Formato-Site-e-Portal-860X645-JPG-2024-03-05T142802.263-300x225.jpg 300w, https:\/\/prefeitura.santarosa.rs.gov.br\/wp-content\/uploads\/2024\/03\/Formato-Site-e-Portal-860X645-JPG-2024-03-05T142802.263-768x576.jpg 768w\" sizes=\"(max-width: 860px) 100vw, 860px\" \/><\/figure>\n\n\n\n<p>Com um trabalho de transpar\u00eancia e principalmente de presta\u00e7\u00e3o de servi\u00e7o para a comunidade, a equipe da Secretaria de Comunica\u00e7\u00e3o vem desde o in\u00edcio do Governo, facilitando o relacionamento da gest\u00e3o municipal com a imprensa e com os cidad\u00e3os de Santa Rosa. Nesta ter\u00e7a-feira (05), ser\u00e3o apresentados alguns dados e a\u00e7\u00f5es desenvolvidas no ano que passou. Criada na atual gest\u00e3o, tem como objetivo qualificar e garantir o acesso das informa\u00e7\u00f5es, tendo como base o jornalismo para a presta\u00e7\u00e3o de contas do servi\u00e7o p\u00fablico.<\/p>\n\n\n\n<p>A Gest\u00e3o optou por n\u00e3o ter contrata\u00e7\u00e3o de ag\u00eancia neste governo e assim, economizar este recurso. Dessa forma, a secretaria n\u00e3o possui agenciamento publicit\u00e1rio. Em fun\u00e7\u00e3o disso, o trabalho \u00e9 feito pela pr\u00f3pria equipe composta por 3 pessoas. De janeiro a dezembro de 2023, foram produzidas 711 mat\u00e9rias jornal\u00edsticas pela secretaria, um acr\u00e9scimo de 34% em rela\u00e7\u00e3o ao ano anterior. O material foi divulgado nos diversos canais da prefeitura, como: site, intranet, portal do cidad\u00e3o e redes sociais, al\u00e9m de ser enviado para a imprensa local e estadual. Nas redes sociais (Instagram e Facebook), foram realizadas 1.804 postagens (44% a mais que em 2022). Com esta produ\u00e7\u00e3o, houve um aumento significativo de pessoas que acompanham as not\u00edcias de Santa Rosa pelas redes. O n\u00famero de seguidores do Instagram da prefeitura passou de 2.397 (abril\/2021) para 12.821 (dezembro\/2023), um acr\u00e9scimo de 10.424 pessoas, aproximadamente 325 novos seguidores por m\u00eas.<\/p>\n\n\n\n<p>Outra a\u00e7\u00e3o de envolvimento da secretaria s\u00e3o as agendas de r\u00e1dio. Foram 453 entrevistas contabilizadas em 2023, o que totalizou uma m\u00e9dia de 100 horas de conte\u00fado. A Secret\u00e1ria de Comunica\u00e7\u00e3o, Lisandra Steffen, destaca que as a\u00e7\u00f5es s\u00e3o realizadas de forma t\u00e9cnica, sempre priorizando informar o cidad\u00e3o, \u201cContamos com o apoio da imprensa na divulga\u00e7\u00e3o das not\u00edcias que s\u00e3o produzidas com o intuito da transpar\u00eancia da gest\u00e3o. Nosso trabalho \u00e9 feito com planejamento estrat\u00e9gico e organiza\u00e7\u00e3o para que as a\u00e7\u00f5es de todas as secretarias sejam divulgadas e a popula\u00e7\u00e3o fique informada de tudo o que acontece em Santa Rosa\u201d. A equipe que atua na Comunica\u00e7\u00e3o \u00e9 respons\u00e1vel pelos registros fotogr\u00e1ficos, cria\u00e7\u00e3o de conte\u00fado para as redes, coordena\u00e7\u00e3o de eventos, protocolos, informativos e assessoria de imprensa.<\/p>\n\n\n\n<p>A Prefeitura de Santa Rosa possui os seguintes canais de comunica\u00e7\u00e3o: site, intranet, Portal do Cidad\u00e3o, Youtube, Facebook e Instagram. Nos siga nas redes sociais e acompanhe diariamente, tudo o que acontece no munic\u00edpio.<\/p>\n","protected":false},"excerpt":{"rendered":"<p>Com um trabalho de transpar\u00eancia e principalmente de presta\u00e7\u00e3o de servi\u00e7o para a comunidade, a equipe da Secretaria de Comunica\u00e7\u00e3o<\/p>\n","protected":false},"author":6,"featured_media":9678,"comment_status":"closed","ping_status":"closed","sticky":false,"template":"","format":"standard","meta":{"footnotes":""},"categories":[4,15],"tags":[],"class_list":["post-9676","post","type-post","status-publish","format-standard","has-post-thumbnail","hentry","category-noticias","category-secretaria-municipal-de-comunicacao"],"aioseo_notices":[],"_links":{"self":[{"href":"https:\/\/prefeitura.santarosa.rs.gov.br\/index.php?rest_route=\/wp\/v2\/posts\/9676","targetHints":{"allow":["GET"]}}],"collection":[{"href":"https:\/\/prefeitura.santarosa.rs.gov.br\/index.php?rest_route=\/wp\/v2\/posts"}],"about":[{"href":"https:\/\/prefeitura.santarosa.rs.gov.br\/index.php?rest_route=\/wp\/v2\/types\/post"}],"author":[{"embeddable":true,"href":"https:\/\/prefeitura.santarosa.rs.gov.br\/index.php?rest_route=\/wp\/v2\/users\/6"}],"replies":[{"embeddable":true,"href":"https:\/\/prefeitura.santarosa.rs.gov.br\/index.php?rest_route=%2Fwp%2Fv2%2Fcomments&post=9676"}],"version-history":[{"count":1,"href":"https:\/\/prefeitura.santarosa.rs.gov.br\/index.php?rest_route=\/wp\/v2\/posts\/9676\/revisions"}],"predecessor-version":[{"id":9679,"href":"https:\/\/prefeitura.santarosa.rs.gov.br\/index.php?rest_route=\/wp\/v2\/posts\/9676\/revisions\/9679"}],"wp:featuredmedia":[{"embeddable":true,"href":"https:\/\/prefeitura.santarosa.rs.gov.br\/index.php?rest_route=\/wp\/v2\/media\/9678"}],"wp:attachment":[{"href":"https:\/\/prefeitura.santarosa.rs.gov.br\/index.php?rest_route=%2Fwp%2Fv2%2Fmedia&parent=9676"}],"wp:term":[{"taxonomy":"category","embeddable":true,"href":"https:\/\/prefeitura.santarosa.rs.gov.br\/index.php?rest_route=%2Fwp%2Fv2%2Fcategories&post=9676"},{"taxonomy":"post_tag","embeddable":true,"href":"https:\/\/prefeitura.santarosa.rs.gov.br\/index.php?rest_route=%2Fwp%2Fv2%2Ftags&post=9676"}],"curies":[{"name":"wp","href":"https:\/\/api.w.org\/{rel}","templated":true}]}}