{"id":9672,"date":"2024-03-05T14:22:44","date_gmt":"2024-03-05T17:22:44","guid":{"rendered":"https:\/\/prefeitura.santarosa.rs.gov.br\/?p=9672"},"modified":"2024-10-07T09:51:53","modified_gmt":"2024-10-07T12:51:53","slug":"prefeitura-promove-palestra-com-o-treinador-de-futsal-thiago-nunes-raupp","status":"publish","type":"post","link":"https:\/\/prefeitura.santarosa.rs.gov.br\/?p=9672","title":{"rendered":"<strong>Prefeitura promove palestra com o treinador de futsal Thiago Nunes Raupp<\/strong>"},"content":{"rendered":"\n<figure class=\"wp-block-image size-full\"><img fetchpriority=\"high\" decoding=\"async\" width=\"860\" height=\"645\" src=\"https:\/\/prefeitura.santarosa.rs.gov.br\/wp-content\/uploads\/2024\/03\/Formato-Site-e-Portal-860X645-JPG-2024-03-05T141420.330.jpg\" alt=\"\" class=\"wp-image-9673\" srcset=\"https:\/\/prefeitura.santarosa.rs.gov.br\/wp-content\/uploads\/2024\/03\/Formato-Site-e-Portal-860X645-JPG-2024-03-05T141420.330.jpg 860w, https:\/\/prefeitura.santarosa.rs.gov.br\/wp-content\/uploads\/2024\/03\/Formato-Site-e-Portal-860X645-JPG-2024-03-05T141420.330-300x225.jpg 300w, https:\/\/prefeitura.santarosa.rs.gov.br\/wp-content\/uploads\/2024\/03\/Formato-Site-e-Portal-860X645-JPG-2024-03-05T141420.330-768x576.jpg 768w\" sizes=\"(max-width: 860px) 100vw, 860px\" \/><\/figure>\n\n\n\n<p>A Prefeitura de Santa Rosa atrav\u00e9s da Secretaria de Esporte promoveu na manh\u00e3 desta ter\u00e7a-feira (05), uma palestra com o treinador e case de sucesso, Thiago Nunes Raupp, que abordou o tema: Lideran\u00e7a com Gest\u00e3o. A a\u00e7\u00e3o aconteceu em parceria com o Sindilojas Fronteira Noroeste, a Acisap e a Ag\u00eancia de Desenvolvimento da Fronteira Noroeste. Mais de 600 pessoas, entre autoridades, servidores, alunos e representantes de empresas e institui\u00e7\u00f5es do munic\u00edpio prestigiaram o evento no Centro C\u00edvico Cultural Ant\u00f4nio Carlos Borges.<\/p>\n\n\n\n<p>Durante o protocolo de abertura, o Prefeito Anderson Mantei, convidou representantes do Santa Rosa Futsal e do Soj\u00e3o Basquete para subir ao palco. Al\u00e9m disso, falou sobre os investimentos da gest\u00e3o e os benef\u00edcios que o esporte traz para os jovens e toda a popula\u00e7\u00e3o, \u201cTemos hoje, a oportunidade de ouvir a experi\u00eancia de um dos melhores t\u00e9cnicos de futsal do mundo. E n\u00e3o s\u00f3 o futsal, mas todas as modalidades esportivas t\u00eam um poder transformador que impulsiona vidas, carreiras e que traz mais qualidade de vida para as pessoas\u201d.<\/p>\n\n\n\n<p>Thiago Nunes Raupp \u00e9 natural de Porto Alegre (RS), tem 42 anos, possui gradua\u00e7\u00e3o em educa\u00e7\u00e3o f\u00edsica e p\u00f3s-gradua\u00e7\u00e3o em futsal. Atuou como treinador no Tubar\u00e3o de Santa Catarina, Atl\u00e2ntico no Rio Grande do Sul e atualmente, est\u00e1 no comando do time Hongyen Thakam na Tail\u00e2ndia. J\u00e1 foi 8 vezes campe\u00e3o em diversos campeonatos de futsal, al\u00e9m de ter recebido por 3 anos consecutivos, pr\u00eamios de melhor treinador. Na sua fala, o atleta contou sobre sua trajet\u00f3ria no esporte e destacou que a chave do sucesso foi desenvolver uma lideran\u00e7a humanizada, com muita dedica\u00e7\u00e3o, esfor\u00e7o e foco nas pessoas e suas potencialidades.<\/p>\n","protected":false},"excerpt":{"rendered":"<p>A Prefeitura de Santa Rosa atrav\u00e9s da Secretaria de Esporte promoveu na manh\u00e3 desta ter\u00e7a-feira (05), uma palestra com o<\/p>\n","protected":false},"author":6,"featured_media":9674,"comment_status":"closed","ping_status":"closed","sticky":false,"template":"","format":"standard","meta":{"footnotes":""},"categories":[4,19],"tags":[],"class_list":["post-9672","post","type-post","status-publish","format-standard","has-post-thumbnail","hentry","category-noticias","category-secretaria-municipal-de-esporte"],"aioseo_notices":[],"_links":{"self":[{"href":"https:\/\/prefeitura.santarosa.rs.gov.br\/index.php?rest_route=\/wp\/v2\/posts\/9672","targetHints":{"allow":["GET"]}}],"collection":[{"href":"https:\/\/prefeitura.santarosa.rs.gov.br\/index.php?rest_route=\/wp\/v2\/posts"}],"about":[{"href":"https:\/\/prefeitura.santarosa.rs.gov.br\/index.php?rest_route=\/wp\/v2\/types\/post"}],"author":[{"embeddable":true,"href":"https:\/\/prefeitura.santarosa.rs.gov.br\/index.php?rest_route=\/wp\/v2\/users\/6"}],"replies":[{"embeddable":true,"href":"https:\/\/prefeitura.santarosa.rs.gov.br\/index.php?rest_route=%2Fwp%2Fv2%2Fcomments&post=9672"}],"version-history":[{"count":1,"href":"https:\/\/prefeitura.santarosa.rs.gov.br\/index.php?rest_route=\/wp\/v2\/posts\/9672\/revisions"}],"predecessor-version":[{"id":9675,"href":"https:\/\/prefeitura.santarosa.rs.gov.br\/index.php?rest_route=\/wp\/v2\/posts\/9672\/revisions\/9675"}],"wp:featuredmedia":[{"embeddable":true,"href":"https:\/\/prefeitura.santarosa.rs.gov.br\/index.php?rest_route=\/wp\/v2\/media\/9674"}],"wp:attachment":[{"href":"https:\/\/prefeitura.santarosa.rs.gov.br\/index.php?rest_route=%2Fwp%2Fv2%2Fmedia&parent=9672"}],"wp:term":[{"taxonomy":"category","embeddable":true,"href":"https:\/\/prefeitura.santarosa.rs.gov.br\/index.php?rest_route=%2Fwp%2Fv2%2Fcategories&post=9672"},{"taxonomy":"post_tag","embeddable":true,"href":"https:\/\/prefeitura.santarosa.rs.gov.br\/index.php?rest_route=%2Fwp%2Fv2%2Ftags&post=9672"}],"curies":[{"name":"wp","href":"https:\/\/api.w.org\/{rel}","templated":true}]}}