{"id":9668,"date":"2024-03-05T09:59:26","date_gmt":"2024-03-05T12:59:26","guid":{"rendered":"https:\/\/prefeitura.santarosa.rs.gov.br\/?p=9668"},"modified":"2024-10-07T09:51:53","modified_gmt":"2024-10-07T12:51:53","slug":"prefeitura-conclui-obras-na-bela-uniao","status":"publish","type":"post","link":"https:\/\/prefeitura.santarosa.rs.gov.br\/?p=9668","title":{"rendered":"<strong>Prefeitura conclui obras na Bela Uni\u00e3o<\/strong>"},"content":{"rendered":"\n<figure class=\"wp-block-image size-full\"><img fetchpriority=\"high\" decoding=\"async\" width=\"860\" height=\"645\" src=\"https:\/\/prefeitura.santarosa.rs.gov.br\/wp-content\/uploads\/2024\/03\/Formato-Site-e-Portal-860X645-JPG-2024-03-05T095850.442.jpg\" alt=\"\" class=\"wp-image-9669\" srcset=\"https:\/\/prefeitura.santarosa.rs.gov.br\/wp-content\/uploads\/2024\/03\/Formato-Site-e-Portal-860X645-JPG-2024-03-05T095850.442.jpg 860w, https:\/\/prefeitura.santarosa.rs.gov.br\/wp-content\/uploads\/2024\/03\/Formato-Site-e-Portal-860X645-JPG-2024-03-05T095850.442-300x225.jpg 300w, https:\/\/prefeitura.santarosa.rs.gov.br\/wp-content\/uploads\/2024\/03\/Formato-Site-e-Portal-860X645-JPG-2024-03-05T095850.442-768x576.jpg 768w\" sizes=\"(max-width: 860px) 100vw, 860px\" \/><\/figure>\n\n\n\n<p>Desde o in\u00edcio de 2021, o Governo Municipal vem seguindo um cronograma de atendimento \u00e0s comunidades. J\u00e1 s\u00e3o mais de 600 km de estradas recuperadas e mais de 25 pontes revitalizadas. Recentemente, foram conclu\u00eddas as obras de cal\u00e7amento na Rua Rodolfo Armindo M\u00fcller (Bela Uni\u00e3o) e na estrada de acesso ao Lajeado Assombrado. Melhorias na infraestrutura que facilitam o tr\u00e1fego de ve\u00edculos no interior do munic\u00edpio.<\/p>\n\n\n\n<p>A regi\u00e3o foi contemplada com obras de cal\u00e7amento em uma \u00e1rea de 4.343,23 metros quadrados. Um importante investimento de cerca de R$ 700 mil para o interior de Santa Rosa. O Vice-Prefeito Aldemir Ulrich, junto com a Secret\u00e1ria de Educa\u00e7\u00e3o, Lires Zimmermann, o ex-vereador e l\u00edder comunit\u00e1rio, Lauro Zimmermann e o morador de Bela Uni\u00e3o, C\u00edrio Adamm, vistoriaram a conclus\u00e3o dos servi\u00e7os na localidade, \u201cEstamos com diversas obras acontecendo no interior de Santa Rosa. Melhorias importantes na infraestrutura que v\u00e3o promover mais mobilidade e seguran\u00e7a para as fam\u00edlias de produtores rurais e das comunidades\u201d, destacou o vice-prefeito.<\/p>\n\n\n\n<p>Ao todo, foram investidos na obra, R$ 658.793,80 sendo R$ 384.205,00 de emenda parlamentar do ent\u00e3o Deputado Federal, Jer\u00f4nimo Goergen. O recurso foi intermediado pela Secret\u00e1ria Lires Zimmermann, quando a mesma ocupava o cargo de vereadora de Santa Rosa, e R$ 274.588,80 de contrapartida do munic\u00edpio.<\/p>\n","protected":false},"excerpt":{"rendered":"<p>Desde o in\u00edcio de 2021, o Governo Municipal vem seguindo um cronograma de atendimento \u00e0s comunidades. J\u00e1 s\u00e3o mais de<\/p>\n","protected":false},"author":6,"featured_media":9670,"comment_status":"closed","ping_status":"closed","sticky":false,"template":"","format":"standard","meta":{"footnotes":""},"categories":[4,22],"tags":[],"class_list":["post-9668","post","type-post","status-publish","format-standard","has-post-thumbnail","hentry","category-noticias","category-secretaria-municipal-de-planejamento-e-habitacao"],"aioseo_notices":[],"_links":{"self":[{"href":"https:\/\/prefeitura.santarosa.rs.gov.br\/index.php?rest_route=\/wp\/v2\/posts\/9668","targetHints":{"allow":["GET"]}}],"collection":[{"href":"https:\/\/prefeitura.santarosa.rs.gov.br\/index.php?rest_route=\/wp\/v2\/posts"}],"about":[{"href":"https:\/\/prefeitura.santarosa.rs.gov.br\/index.php?rest_route=\/wp\/v2\/types\/post"}],"author":[{"embeddable":true,"href":"https:\/\/prefeitura.santarosa.rs.gov.br\/index.php?rest_route=\/wp\/v2\/users\/6"}],"replies":[{"embeddable":true,"href":"https:\/\/prefeitura.santarosa.rs.gov.br\/index.php?rest_route=%2Fwp%2Fv2%2Fcomments&post=9668"}],"version-history":[{"count":1,"href":"https:\/\/prefeitura.santarosa.rs.gov.br\/index.php?rest_route=\/wp\/v2\/posts\/9668\/revisions"}],"predecessor-version":[{"id":9671,"href":"https:\/\/prefeitura.santarosa.rs.gov.br\/index.php?rest_route=\/wp\/v2\/posts\/9668\/revisions\/9671"}],"wp:featuredmedia":[{"embeddable":true,"href":"https:\/\/prefeitura.santarosa.rs.gov.br\/index.php?rest_route=\/wp\/v2\/media\/9670"}],"wp:attachment":[{"href":"https:\/\/prefeitura.santarosa.rs.gov.br\/index.php?rest_route=%2Fwp%2Fv2%2Fmedia&parent=9668"}],"wp:term":[{"taxonomy":"category","embeddable":true,"href":"https:\/\/prefeitura.santarosa.rs.gov.br\/index.php?rest_route=%2Fwp%2Fv2%2Fcategories&post=9668"},{"taxonomy":"post_tag","embeddable":true,"href":"https:\/\/prefeitura.santarosa.rs.gov.br\/index.php?rest_route=%2Fwp%2Fv2%2Ftags&post=9668"}],"curies":[{"name":"wp","href":"https:\/\/api.w.org\/{rel}","templated":true}]}}