{"id":9659,"date":"2024-03-04T15:07:45","date_gmt":"2024-03-04T18:07:45","guid":{"rendered":"https:\/\/prefeitura.santarosa.rs.gov.br\/?p=9659"},"modified":"2024-10-07T09:51:53","modified_gmt":"2024-10-07T12:51:53","slug":"abertura-dos-jogos-de-verao-santa-rosa-sesi-2024","status":"publish","type":"post","link":"https:\/\/prefeitura.santarosa.rs.gov.br\/?p=9659","title":{"rendered":"<strong>Abertura dos Jogos de Ver\u00e3o Santa Rosa\/SESI 2024<\/strong>"},"content":{"rendered":"\n<figure class=\"wp-block-image size-full\"><img fetchpriority=\"high\" decoding=\"async\" width=\"860\" height=\"645\" src=\"https:\/\/prefeitura.santarosa.rs.gov.br\/wp-content\/uploads\/2024\/03\/Formato-Site-e-Portal-860X645-JPG-2024-03-04T150421.290.jpg\" alt=\"\" class=\"wp-image-9660\" srcset=\"https:\/\/prefeitura.santarosa.rs.gov.br\/wp-content\/uploads\/2024\/03\/Formato-Site-e-Portal-860X645-JPG-2024-03-04T150421.290.jpg 860w, https:\/\/prefeitura.santarosa.rs.gov.br\/wp-content\/uploads\/2024\/03\/Formato-Site-e-Portal-860X645-JPG-2024-03-04T150421.290-300x225.jpg 300w, https:\/\/prefeitura.santarosa.rs.gov.br\/wp-content\/uploads\/2024\/03\/Formato-Site-e-Portal-860X645-JPG-2024-03-04T150421.290-768x576.jpg 768w\" sizes=\"(max-width: 860px) 100vw, 860px\" \/><\/figure>\n\n\n\n<p>A Prefeitura de Santa Rosa atrav\u00e9s da Secretaria de Esporte e em parceria com o SESI, realizou na sexta-feira (01), a abertura oficial dos Jogos de Ver\u00e3o Santa Rosa\/SESI 2024. A a\u00e7\u00e3o aconteceu no Parc\u00e3o e reuniu autoridades, atletas inscritos, familiares e a comunidade. Ao todo, 07 modalidades esportivas ser\u00e3o disputadas: v\u00f4lei, beach tennis, c\u00e2mbio, futev\u00f4lei, futebol de areia, basquete 3\u00d73 e handbeach.<\/p>\n\n\n\n<p>Os jogos de ver\u00e3o t\u00eam como objetivo estimular a pr\u00e1tica de atividades f\u00edsicas, promover a integra\u00e7\u00e3o entre os participantes e proporcionar mais qualidade de vida. O Prefeito Anderson Mantei, destacou que a a\u00e7\u00e3o visa promover o interc\u00e2mbio esportivo e cultural entre os atletas das diversas modalidades do munic\u00edpio, al\u00e9m de revelar novos talentos e estimular a transforma\u00e7\u00e3o social por meio do esporte, \u201cEstamos muito contentes de ver o Parc\u00e3o sendo utilizado pelos moradores e em eventos t\u00e3o importantes como este, que promovem o esporte e o lazer. Fizemos um grande investimento nessa \u00e1rea para que as pessoas pudessem usufruir deste espa\u00e7o, com seguran\u00e7a e mais infraestrutura\u201d.<\/p>\n\n\n\n<p>O Secret\u00e1rio de Esporte, Cauh\u00e3 Pereira da Silva, ressaltou que os jogos ir\u00e3o acontecer nas ter\u00e7as, quartas e quintas-feiras, tendo como datas reserva, as segundas e sextas-feiras, \u201cToda a comunidade est\u00e1 convidada a participar e prestigiar os Jogos de Ver\u00e3o 2024\u201d. Altera\u00e7\u00f5es no cronograma dos jogos, ou qualquer outro aviso importante, ser\u00e1 divulgado nas p\u00e1ginas oficiais da Prefeitura de Santa Rosa.<\/p>\n","protected":false},"excerpt":{"rendered":"<p>A Prefeitura de Santa Rosa atrav\u00e9s da Secretaria de Esporte e em parceria com o SESI, realizou na sexta-feira (01),<\/p>\n","protected":false},"author":6,"featured_media":9661,"comment_status":"closed","ping_status":"closed","sticky":false,"template":"","format":"standard","meta":{"footnotes":""},"categories":[4],"tags":[],"class_list":["post-9659","post","type-post","status-publish","format-standard","has-post-thumbnail","hentry","category-noticias"],"aioseo_notices":[],"_links":{"self":[{"href":"https:\/\/prefeitura.santarosa.rs.gov.br\/index.php?rest_route=\/wp\/v2\/posts\/9659","targetHints":{"allow":["GET"]}}],"collection":[{"href":"https:\/\/prefeitura.santarosa.rs.gov.br\/index.php?rest_route=\/wp\/v2\/posts"}],"about":[{"href":"https:\/\/prefeitura.santarosa.rs.gov.br\/index.php?rest_route=\/wp\/v2\/types\/post"}],"author":[{"embeddable":true,"href":"https:\/\/prefeitura.santarosa.rs.gov.br\/index.php?rest_route=\/wp\/v2\/users\/6"}],"replies":[{"embeddable":true,"href":"https:\/\/prefeitura.santarosa.rs.gov.br\/index.php?rest_route=%2Fwp%2Fv2%2Fcomments&post=9659"}],"version-history":[{"count":1,"href":"https:\/\/prefeitura.santarosa.rs.gov.br\/index.php?rest_route=\/wp\/v2\/posts\/9659\/revisions"}],"predecessor-version":[{"id":9662,"href":"https:\/\/prefeitura.santarosa.rs.gov.br\/index.php?rest_route=\/wp\/v2\/posts\/9659\/revisions\/9662"}],"wp:featuredmedia":[{"embeddable":true,"href":"https:\/\/prefeitura.santarosa.rs.gov.br\/index.php?rest_route=\/wp\/v2\/media\/9661"}],"wp:attachment":[{"href":"https:\/\/prefeitura.santarosa.rs.gov.br\/index.php?rest_route=%2Fwp%2Fv2%2Fmedia&parent=9659"}],"wp:term":[{"taxonomy":"category","embeddable":true,"href":"https:\/\/prefeitura.santarosa.rs.gov.br\/index.php?rest_route=%2Fwp%2Fv2%2Fcategories&post=9659"},{"taxonomy":"post_tag","embeddable":true,"href":"https:\/\/prefeitura.santarosa.rs.gov.br\/index.php?rest_route=%2Fwp%2Fv2%2Ftags&post=9659"}],"curies":[{"name":"wp","href":"https:\/\/api.w.org\/{rel}","templated":true}]}}