{"id":9618,"date":"2024-02-27T08:25:38","date_gmt":"2024-02-27T11:25:38","guid":{"rendered":"https:\/\/prefeitura.santarosa.rs.gov.br\/?p=9618"},"modified":"2024-10-07T09:51:53","modified_gmt":"2024-10-07T12:51:53","slug":"mais-de-r-64-milhoes-investidos-no-programa-habitacional-do-municipio","status":"publish","type":"post","link":"https:\/\/prefeitura.santarosa.rs.gov.br\/?p=9618","title":{"rendered":"<strong>Mais de R$ 6,4 milh\u00f5es investidos no Programa Habitacional do munic\u00edpio<\/strong>"},"content":{"rendered":"\n<figure class=\"wp-block-image size-full\"><img fetchpriority=\"high\" decoding=\"async\" width=\"860\" height=\"645\" src=\"https:\/\/prefeitura.santarosa.rs.gov.br\/wp-content\/uploads\/2024\/02\/Formato-Site-e-Portal-860X645-JPG-2024-02-27T080459.021.jpg\" alt=\"\" class=\"wp-image-9619\" srcset=\"https:\/\/prefeitura.santarosa.rs.gov.br\/wp-content\/uploads\/2024\/02\/Formato-Site-e-Portal-860X645-JPG-2024-02-27T080459.021.jpg 860w, https:\/\/prefeitura.santarosa.rs.gov.br\/wp-content\/uploads\/2024\/02\/Formato-Site-e-Portal-860X645-JPG-2024-02-27T080459.021-300x225.jpg 300w, https:\/\/prefeitura.santarosa.rs.gov.br\/wp-content\/uploads\/2024\/02\/Formato-Site-e-Portal-860X645-JPG-2024-02-27T080459.021-768x576.jpg 768w\" sizes=\"(max-width: 860px) 100vw, 860px\" \/><\/figure>\n\n\n\n<p>O Governo Municipal tem avan\u00e7ado na aprova\u00e7\u00e3o dos contratos do Programa Habitacional da Prefeitura de Santa Rosa. At\u00e9 o momento, 356 pessoas j\u00e1 realizaram o sonho da casa pr\u00f3pria atrav\u00e9s do Santa Rosa Verde e Amarela. Os cidad\u00e3os beneficiados recebem um subs\u00eddio de R$ 18 mil, pagos pela prefeitura, para a entrada da aquisi\u00e7\u00e3o ou constru\u00e7\u00e3o de um im\u00f3vel. Um investimento de mais de R$ 6,4 milh\u00f5es de recursos pr\u00f3prios do munic\u00edpio.<\/p>\n\n\n\n<p>No programa, s\u00e3o aceitos financiamentos habitacionais, casa ou apartamento novos, de at\u00e9 R$ 220 mil. A prefeitura j\u00e1 efetuou o pagamento de 252 contratos e 104 processos est\u00e3o em tramita\u00e7\u00e3o. O Vice-Prefeito Aldemir Ulrich, destaca que essa a\u00e7\u00e3o s\u00f3 est\u00e1 sendo poss\u00edvel, devido \u00e0s economias da gest\u00e3o, \u201cEstamos cumprindo o nosso dever como gestores, que \u00e9 de implementar programas que promovam a qualidade de vida da popula\u00e7\u00e3o. Atrav\u00e9s das nossas economias, conseguimos contribuir com a realiza\u00e7\u00e3o do sonho da casa pr\u00f3pria de mais de 350 fam\u00edlias santa-rosenses\u201d.<\/p>\n\n\n\n<p>Os interessados em participar do programa devem procurar uma institui\u00e7\u00e3o financeira ou de cr\u00e9dito e encaminhar o financiamento habitacional. Assim que liberado o financiamento, dentro dos crit\u00e9rios do programa, o subs\u00eddio da prefeitura \u00e9 aprovado.<\/p>\n\n\n\n<p>Confira abaixo, alguns requisitos para participar do programa:<\/p>\n\n\n\n<p>\u2013 Ser maior de idade ou emancipado na forma de lei<\/p>\n\n\n\n<p>\u2013 N\u00e3o ser propriet\u00e1rio de im\u00f3vel residencial urbano em Santa Rosa<\/p>\n\n\n\n<p>\u2013 Ter renda familiar bruta de at\u00e9 R$ 7 mil<\/p>\n","protected":false},"excerpt":{"rendered":"<p>O Governo Municipal tem avan\u00e7ado na aprova\u00e7\u00e3o dos contratos do Programa Habitacional da Prefeitura de Santa Rosa. At\u00e9 o momento,<\/p>\n","protected":false},"author":6,"featured_media":9620,"comment_status":"closed","ping_status":"closed","sticky":false,"template":"","format":"standard","meta":{"footnotes":""},"categories":[4,22],"tags":[],"class_list":["post-9618","post","type-post","status-publish","format-standard","has-post-thumbnail","hentry","category-noticias","category-secretaria-municipal-de-planejamento-e-habitacao"],"aioseo_notices":[],"_links":{"self":[{"href":"https:\/\/prefeitura.santarosa.rs.gov.br\/index.php?rest_route=\/wp\/v2\/posts\/9618","targetHints":{"allow":["GET"]}}],"collection":[{"href":"https:\/\/prefeitura.santarosa.rs.gov.br\/index.php?rest_route=\/wp\/v2\/posts"}],"about":[{"href":"https:\/\/prefeitura.santarosa.rs.gov.br\/index.php?rest_route=\/wp\/v2\/types\/post"}],"author":[{"embeddable":true,"href":"https:\/\/prefeitura.santarosa.rs.gov.br\/index.php?rest_route=\/wp\/v2\/users\/6"}],"replies":[{"embeddable":true,"href":"https:\/\/prefeitura.santarosa.rs.gov.br\/index.php?rest_route=%2Fwp%2Fv2%2Fcomments&post=9618"}],"version-history":[{"count":1,"href":"https:\/\/prefeitura.santarosa.rs.gov.br\/index.php?rest_route=\/wp\/v2\/posts\/9618\/revisions"}],"predecessor-version":[{"id":9621,"href":"https:\/\/prefeitura.santarosa.rs.gov.br\/index.php?rest_route=\/wp\/v2\/posts\/9618\/revisions\/9621"}],"wp:featuredmedia":[{"embeddable":true,"href":"https:\/\/prefeitura.santarosa.rs.gov.br\/index.php?rest_route=\/wp\/v2\/media\/9620"}],"wp:attachment":[{"href":"https:\/\/prefeitura.santarosa.rs.gov.br\/index.php?rest_route=%2Fwp%2Fv2%2Fmedia&parent=9618"}],"wp:term":[{"taxonomy":"category","embeddable":true,"href":"https:\/\/prefeitura.santarosa.rs.gov.br\/index.php?rest_route=%2Fwp%2Fv2%2Fcategories&post=9618"},{"taxonomy":"post_tag","embeddable":true,"href":"https:\/\/prefeitura.santarosa.rs.gov.br\/index.php?rest_route=%2Fwp%2Fv2%2Ftags&post=9618"}],"curies":[{"name":"wp","href":"https:\/\/api.w.org\/{rel}","templated":true}]}}