{"id":9603,"date":"2024-02-22T16:45:07","date_gmt":"2024-02-22T19:45:07","guid":{"rendered":"https:\/\/prefeitura.santarosa.rs.gov.br\/?p=9603"},"modified":"2024-10-07T09:51:53","modified_gmt":"2024-10-07T12:51:53","slug":"obra-de-revitalizacao-na-praca-do-centro-social-urbano","status":"publish","type":"post","link":"https:\/\/prefeitura.santarosa.rs.gov.br\/?p=9603","title":{"rendered":"Obra de revitaliza\u00e7\u00e3o na pra\u00e7a do Centro Social Urbano"},"content":{"rendered":"\n<figure class=\"wp-block-image size-full\"><img fetchpriority=\"high\" decoding=\"async\" width=\"860\" height=\"645\" src=\"https:\/\/prefeitura.santarosa.rs.gov.br\/wp-content\/uploads\/2024\/02\/Formato-Site-e-Portal-860X645-JPG-2024-02-22T164303.575.jpg\" alt=\"\" class=\"wp-image-9604\" srcset=\"https:\/\/prefeitura.santarosa.rs.gov.br\/wp-content\/uploads\/2024\/02\/Formato-Site-e-Portal-860X645-JPG-2024-02-22T164303.575.jpg 860w, https:\/\/prefeitura.santarosa.rs.gov.br\/wp-content\/uploads\/2024\/02\/Formato-Site-e-Portal-860X645-JPG-2024-02-22T164303.575-300x225.jpg 300w, https:\/\/prefeitura.santarosa.rs.gov.br\/wp-content\/uploads\/2024\/02\/Formato-Site-e-Portal-860X645-JPG-2024-02-22T164303.575-768x576.jpg 768w\" sizes=\"(max-width: 860px) 100vw, 860px\" \/><\/figure>\n\n\n\n<p><strong>\u00a0<\/strong><br>Os espa\u00e7os p\u00fablicos est\u00e3o recebendo investimentos. Uma das a\u00e7\u00f5es do Governo \u00e9 a revitaliza\u00e7\u00e3o da pra\u00e7a do Centro Social Urbano \u2013 CSU, no bairro Cruzeiro. Est\u00e3o sendo investidos mais de R$ 260 mil no local. A inten\u00e7\u00e3o \u00e9 qualificar o espa\u00e7o para a pr\u00e1tica de esporte e lazer. A obra est\u00e1 80% conclu\u00edda e deve ficar pronta em mar\u00e7o.\u00a0<\/p>\n\n\n\n<p>J\u00e1 foram realizados os servi\u00e7os de escava\u00e7\u00e3o, pavimenta\u00e7\u00e3o de piso de concreto para as pistas de caminhada, piso com jogos pintados e o passeio p\u00fablico da Rua Roque Gonzales. Al\u00e9m disso, j\u00e1 foi feito o assentamento de guia de meio-fio e cercamento (muretas no entorno das rampas), execu\u00e7\u00e3o das instala\u00e7\u00f5es el\u00e9tricas e ilumina\u00e7\u00e3o e pintura. O Vice-Prefeito Aldemir Ulrich ressaltou a import\u00e2ncia deste espa\u00e7o para a comunidade, \u201cO local vai proporcionar mais seguran\u00e7a e infraestrutura para momentos de descanso, brincadeiras, esporte e lazer. Estamos muito felizes em contribuir com mais um local de encontro para os jovens e as fam\u00edlias da comunidade\u201d.<\/p>\n\n\n\n<p>A pr\u00f3xima etapa da obra ser\u00e1 a instala\u00e7\u00e3o do playground e a finaliza\u00e7\u00e3o dos acabamentos e limpeza do espa\u00e7o. Ao todo est\u00e3o sendo investidos no projeto, mais de R$ 260 mil, sendo R$ 205.517,21 de repasse do Deputado Federal Osmar Terra e cerca de R$ 56 mil de recursos pr\u00f3prios da prefeitura.<\/p>\n","protected":false},"excerpt":{"rendered":"<p>\u00a0Os espa\u00e7os p\u00fablicos est\u00e3o recebendo investimentos. Uma das a\u00e7\u00f5es do Governo \u00e9 a revitaliza\u00e7\u00e3o da pra\u00e7a do Centro Social Urbano<\/p>\n","protected":false},"author":5,"featured_media":9604,"comment_status":"open","ping_status":"open","sticky":false,"template":"","format":"standard","meta":{"footnotes":""},"categories":[4,22],"tags":[],"class_list":["post-9603","post","type-post","status-publish","format-standard","has-post-thumbnail","hentry","category-noticias","category-secretaria-municipal-de-planejamento-e-habitacao"],"aioseo_notices":[],"_links":{"self":[{"href":"https:\/\/prefeitura.santarosa.rs.gov.br\/index.php?rest_route=\/wp\/v2\/posts\/9603","targetHints":{"allow":["GET"]}}],"collection":[{"href":"https:\/\/prefeitura.santarosa.rs.gov.br\/index.php?rest_route=\/wp\/v2\/posts"}],"about":[{"href":"https:\/\/prefeitura.santarosa.rs.gov.br\/index.php?rest_route=\/wp\/v2\/types\/post"}],"author":[{"embeddable":true,"href":"https:\/\/prefeitura.santarosa.rs.gov.br\/index.php?rest_route=\/wp\/v2\/users\/5"}],"replies":[{"embeddable":true,"href":"https:\/\/prefeitura.santarosa.rs.gov.br\/index.php?rest_route=%2Fwp%2Fv2%2Fcomments&post=9603"}],"version-history":[{"count":1,"href":"https:\/\/prefeitura.santarosa.rs.gov.br\/index.php?rest_route=\/wp\/v2\/posts\/9603\/revisions"}],"predecessor-version":[{"id":9605,"href":"https:\/\/prefeitura.santarosa.rs.gov.br\/index.php?rest_route=\/wp\/v2\/posts\/9603\/revisions\/9605"}],"wp:featuredmedia":[{"embeddable":true,"href":"https:\/\/prefeitura.santarosa.rs.gov.br\/index.php?rest_route=\/wp\/v2\/media\/9604"}],"wp:attachment":[{"href":"https:\/\/prefeitura.santarosa.rs.gov.br\/index.php?rest_route=%2Fwp%2Fv2%2Fmedia&parent=9603"}],"wp:term":[{"taxonomy":"category","embeddable":true,"href":"https:\/\/prefeitura.santarosa.rs.gov.br\/index.php?rest_route=%2Fwp%2Fv2%2Fcategories&post=9603"},{"taxonomy":"post_tag","embeddable":true,"href":"https:\/\/prefeitura.santarosa.rs.gov.br\/index.php?rest_route=%2Fwp%2Fv2%2Ftags&post=9603"}],"curies":[{"name":"wp","href":"https:\/\/api.w.org\/{rel}","templated":true}]}}