{"id":9515,"date":"2024-02-09T10:56:26","date_gmt":"2024-02-09T13:56:26","guid":{"rendered":"https:\/\/prefeitura.santarosa.rs.gov.br\/?p=9515"},"modified":"2024-10-07T09:51:54","modified_gmt":"2024-10-07T12:51:54","slug":"retrospectivas-escolas-municipais-emei-olhar-de-crianca-unidade-1","status":"publish","type":"post","link":"https:\/\/prefeitura.santarosa.rs.gov.br\/?p=9515","title":{"rendered":"Retrospectivas Escolas Municipais: EMEI Olhar de Crian\u00e7a &#8211; Unidade 1"},"content":{"rendered":"\n<figure class=\"wp-block-image size-full\"><img fetchpriority=\"high\" decoding=\"async\" width=\"860\" height=\"645\" src=\"https:\/\/prefeitura.santarosa.rs.gov.br\/wp-content\/uploads\/2024\/02\/Formato-Site-e-Portal-860X645-JPG-75.png\" alt=\"\" class=\"wp-image-9516\" srcset=\"https:\/\/prefeitura.santarosa.rs.gov.br\/wp-content\/uploads\/2024\/02\/Formato-Site-e-Portal-860X645-JPG-75.png 860w, https:\/\/prefeitura.santarosa.rs.gov.br\/wp-content\/uploads\/2024\/02\/Formato-Site-e-Portal-860X645-JPG-75-300x225.png 300w, https:\/\/prefeitura.santarosa.rs.gov.br\/wp-content\/uploads\/2024\/02\/Formato-Site-e-Portal-860X645-JPG-75-768x576.png 768w\" sizes=\"(max-width: 860px) 100vw, 860px\" \/><\/figure>\n\n\n\n<p><br>Dando sequ\u00eancia nas retrospectivas das escolas municipais&nbsp;hoje&nbsp;vamos destacar como foi o ano passado da EMEI Olhar de Crian\u00e7a. A escola fica localizada no centro e conta com mais de 150 alunos. O ano passado foi de muitas atividades com destaque para oficinas.&nbsp;<\/p>\n\n\n\n<p><br>A Escola Municipal de Educa\u00e7\u00e3o Infantil Olhar de Crian\u00e7a fica localizada na Avenida Santa Cruz, antigo pr\u00e9dio da Escola Edmundo Pilz. No local s\u00e3o atendidos 176 alunos, sendo 3 inclusos. As oficinas de leitura e hora do conto foram destaque em 2023, ano em que tamb\u00e9m foram realizados projetos sobre alimenta\u00e7\u00e3o saud\u00e1vel e projeto de meio ambiente. A Diretora Elenice Strapazzon destaca que o ano de 2023 foi de muito trabalho, \u201cEncerramos o ano letivo de 2023 com muito apoio dos pais ou respons\u00e1veis e muita dedica\u00e7\u00e3o de nossa equipe com nossos queridos alunos\u201d. A escola conta com 20 servidores. Para 2024, a inten\u00e7\u00e3o \u00e9 dar continuidade e qualificar ainda mais os projetos j\u00e1 existentes.<\/p>\n","protected":false},"excerpt":{"rendered":"<p>Dando sequ\u00eancia nas retrospectivas das escolas municipais&nbsp;hoje&nbsp;vamos destacar como foi o ano passado da EMEI Olhar de Crian\u00e7a. A escola<\/p>\n","protected":false},"author":5,"featured_media":9516,"comment_status":"open","ping_status":"open","sticky":false,"template":"","format":"standard","meta":{"footnotes":""},"categories":[4,18],"tags":[],"class_list":["post-9515","post","type-post","status-publish","format-standard","has-post-thumbnail","hentry","category-noticias","category-secretaria-municipal-de-educacao-e-cultura"],"aioseo_notices":[],"_links":{"self":[{"href":"https:\/\/prefeitura.santarosa.rs.gov.br\/index.php?rest_route=\/wp\/v2\/posts\/9515","targetHints":{"allow":["GET"]}}],"collection":[{"href":"https:\/\/prefeitura.santarosa.rs.gov.br\/index.php?rest_route=\/wp\/v2\/posts"}],"about":[{"href":"https:\/\/prefeitura.santarosa.rs.gov.br\/index.php?rest_route=\/wp\/v2\/types\/post"}],"author":[{"embeddable":true,"href":"https:\/\/prefeitura.santarosa.rs.gov.br\/index.php?rest_route=\/wp\/v2\/users\/5"}],"replies":[{"embeddable":true,"href":"https:\/\/prefeitura.santarosa.rs.gov.br\/index.php?rest_route=%2Fwp%2Fv2%2Fcomments&post=9515"}],"version-history":[{"count":2,"href":"https:\/\/prefeitura.santarosa.rs.gov.br\/index.php?rest_route=\/wp\/v2\/posts\/9515\/revisions"}],"predecessor-version":[{"id":9536,"href":"https:\/\/prefeitura.santarosa.rs.gov.br\/index.php?rest_route=\/wp\/v2\/posts\/9515\/revisions\/9536"}],"wp:featuredmedia":[{"embeddable":true,"href":"https:\/\/prefeitura.santarosa.rs.gov.br\/index.php?rest_route=\/wp\/v2\/media\/9516"}],"wp:attachment":[{"href":"https:\/\/prefeitura.santarosa.rs.gov.br\/index.php?rest_route=%2Fwp%2Fv2%2Fmedia&parent=9515"}],"wp:term":[{"taxonomy":"category","embeddable":true,"href":"https:\/\/prefeitura.santarosa.rs.gov.br\/index.php?rest_route=%2Fwp%2Fv2%2Fcategories&post=9515"},{"taxonomy":"post_tag","embeddable":true,"href":"https:\/\/prefeitura.santarosa.rs.gov.br\/index.php?rest_route=%2Fwp%2Fv2%2Ftags&post=9515"}],"curies":[{"name":"wp","href":"https:\/\/api.w.org\/{rel}","templated":true}]}}