{"id":9512,"date":"2024-02-09T10:54:24","date_gmt":"2024-02-09T13:54:24","guid":{"rendered":"https:\/\/prefeitura.santarosa.rs.gov.br\/?p=9512"},"modified":"2024-10-07T09:51:54","modified_gmt":"2024-10-07T12:51:54","slug":"santa-rosa-tera-nova-praca-liminha-vai-receber-dois-novos-investimentos-uma-praca-publica-e-um-playground-para-os-alunos","status":"publish","type":"post","link":"https:\/\/prefeitura.santarosa.rs.gov.br\/?p=9512","title":{"rendered":"Santa Rosa\u00a0ter\u00e1 nova pra\u00e7a &#8211; Liminha vai receber dois novos investimentos: uma pra\u00e7a p\u00fablica e um playground para os alunos"},"content":{"rendered":"\n<p>&nbsp;<em>O investimento ser\u00e1 de mais de R$ 700 mil<\/em><\/p>\n\n\n\n<figure class=\"wp-block-image size-full\"><img fetchpriority=\"high\" decoding=\"async\" width=\"860\" height=\"645\" src=\"https:\/\/prefeitura.santarosa.rs.gov.br\/wp-content\/uploads\/2024\/02\/Formato-Site-e-Portal-860X645-JPG-2024-02-09T104821.037.jpg\" alt=\"\" class=\"wp-image-9513\" srcset=\"https:\/\/prefeitura.santarosa.rs.gov.br\/wp-content\/uploads\/2024\/02\/Formato-Site-e-Portal-860X645-JPG-2024-02-09T104821.037.jpg 860w, https:\/\/prefeitura.santarosa.rs.gov.br\/wp-content\/uploads\/2024\/02\/Formato-Site-e-Portal-860X645-JPG-2024-02-09T104821.037-300x225.jpg 300w, https:\/\/prefeitura.santarosa.rs.gov.br\/wp-content\/uploads\/2024\/02\/Formato-Site-e-Portal-860X645-JPG-2024-02-09T104821.037-768x576.jpg 768w\" sizes=\"(max-width: 860px) 100vw, 860px\" \/><\/figure>\n\n\n\n<p><br>Mais um espa\u00e7o de lazer e bem-estar para a comunidade de Santa Rosa. Nesta&nbsp;quinta-feira (08), o vice-prefeito Aldemir Ulrich assinou a ordem de in\u00edcio da Pra\u00e7a Santa Rosa de Lima. O novo espa\u00e7o contempla: bancos, lixeiras e ilumina\u00e7\u00e3o em tecnologia LED. A decora\u00e7\u00e3o, o paisagismo e a acessibilidade foram levados em considera\u00e7\u00e3o na proposta. Tamb\u00e9m v\u00e3o ser preservadas as esculturas j\u00e1 fixadas no local. Tudo isso, em uma \u00e1rea de 1,5 mil metros quadrados.<\/p>\n\n\n\n<p><\/p>\n\n\n\n<p><br>A pra\u00e7a fazia parte da antiga escola. Com o projeto, ser\u00e1 modificado o muro, e o local passar\u00e1 a ser aberto e p\u00fablico. O investimento na pra\u00e7a ser\u00e1 de mais de R$ 400 mil de recurso das economias da Gest\u00e3o, \u201cSer\u00e3o duas importantes obras que v\u00e3o qualificar nossos espa\u00e7os de lazer. Na frente, vamos aproveitar essa \u00f3tima \u00e1rea para a comunidade e fazer um espa\u00e7o melhor e mais seguro para os alunos\u201d, destaca Aldemir. A empresa tem 180 dias para executar a obra. A \u00e1rea \u00e9 de 1.515,37m\u00b2.&nbsp;&nbsp;Outra ordem de in\u00edcio tamb\u00e9m foi assinada nesta&nbsp;quinta-feira (08), que contempla um novo parque para as crian\u00e7as nos fundos da escola. A EMEF Santa Rosa de Lima atende 245 alunos. Ser\u00e1 constru\u00edda arquibancada, palco, instalado banco em alvenaria revestido em madeira, playground com torres, piso emborrachado, pista de caminhada com piso intertravado e vegeta\u00e7\u00e3o. Essa obra tem um investimento de mais de R$ 300 mil tamb\u00e9m de recurso das economias da Gest\u00e3o. O prazo para execu\u00e7\u00e3o \u00e9 de 120 dias.<\/p>\n","protected":false},"excerpt":{"rendered":"<p>&nbsp;O investimento ser\u00e1 de mais de R$ 700 mil Mais um espa\u00e7o de lazer e bem-estar para a comunidade de<\/p>\n","protected":false},"author":5,"featured_media":9513,"comment_status":"open","ping_status":"open","sticky":false,"template":"","format":"standard","meta":{"footnotes":""},"categories":[4,22],"tags":[],"class_list":["post-9512","post","type-post","status-publish","format-standard","has-post-thumbnail","hentry","category-noticias","category-secretaria-municipal-de-planejamento-e-habitacao"],"aioseo_notices":[],"_links":{"self":[{"href":"https:\/\/prefeitura.santarosa.rs.gov.br\/index.php?rest_route=\/wp\/v2\/posts\/9512","targetHints":{"allow":["GET"]}}],"collection":[{"href":"https:\/\/prefeitura.santarosa.rs.gov.br\/index.php?rest_route=\/wp\/v2\/posts"}],"about":[{"href":"https:\/\/prefeitura.santarosa.rs.gov.br\/index.php?rest_route=\/wp\/v2\/types\/post"}],"author":[{"embeddable":true,"href":"https:\/\/prefeitura.santarosa.rs.gov.br\/index.php?rest_route=\/wp\/v2\/users\/5"}],"replies":[{"embeddable":true,"href":"https:\/\/prefeitura.santarosa.rs.gov.br\/index.php?rest_route=%2Fwp%2Fv2%2Fcomments&post=9512"}],"version-history":[{"count":2,"href":"https:\/\/prefeitura.santarosa.rs.gov.br\/index.php?rest_route=\/wp\/v2\/posts\/9512\/revisions"}],"predecessor-version":[{"id":9535,"href":"https:\/\/prefeitura.santarosa.rs.gov.br\/index.php?rest_route=\/wp\/v2\/posts\/9512\/revisions\/9535"}],"wp:featuredmedia":[{"embeddable":true,"href":"https:\/\/prefeitura.santarosa.rs.gov.br\/index.php?rest_route=\/wp\/v2\/media\/9513"}],"wp:attachment":[{"href":"https:\/\/prefeitura.santarosa.rs.gov.br\/index.php?rest_route=%2Fwp%2Fv2%2Fmedia&parent=9512"}],"wp:term":[{"taxonomy":"category","embeddable":true,"href":"https:\/\/prefeitura.santarosa.rs.gov.br\/index.php?rest_route=%2Fwp%2Fv2%2Fcategories&post=9512"},{"taxonomy":"post_tag","embeddable":true,"href":"https:\/\/prefeitura.santarosa.rs.gov.br\/index.php?rest_route=%2Fwp%2Fv2%2Ftags&post=9512"}],"curies":[{"name":"wp","href":"https:\/\/api.w.org\/{rel}","templated":true}]}}