{"id":9508,"date":"2024-02-08T17:03:56","date_gmt":"2024-02-08T20:03:56","guid":{"rendered":"https:\/\/prefeitura.santarosa.rs.gov.br\/?p=9508"},"modified":"2024-10-07T09:51:54","modified_gmt":"2024-10-07T12:51:54","slug":"retrospectivas-escolas-municipais-recanto-da-crianca","status":"publish","type":"post","link":"https:\/\/prefeitura.santarosa.rs.gov.br\/?p=9508","title":{"rendered":"Retrospectivas\u00a0Escolas Municipais:\u00a0Recanto da Crian\u00e7a"},"content":{"rendered":"\n<figure class=\"wp-block-image size-full\"><img fetchpriority=\"high\" decoding=\"async\" width=\"860\" height=\"645\" src=\"https:\/\/prefeitura.santarosa.rs.gov.br\/wp-content\/uploads\/2024\/02\/Formato-Site-e-Portal-860X645-JPG-2024-02-08T170039.406.jpg\" alt=\"\" class=\"wp-image-9509\" srcset=\"https:\/\/prefeitura.santarosa.rs.gov.br\/wp-content\/uploads\/2024\/02\/Formato-Site-e-Portal-860X645-JPG-2024-02-08T170039.406.jpg 860w, https:\/\/prefeitura.santarosa.rs.gov.br\/wp-content\/uploads\/2024\/02\/Formato-Site-e-Portal-860X645-JPG-2024-02-08T170039.406-300x225.jpg 300w, https:\/\/prefeitura.santarosa.rs.gov.br\/wp-content\/uploads\/2024\/02\/Formato-Site-e-Portal-860X645-JPG-2024-02-08T170039.406-768x576.jpg 768w\" sizes=\"(max-width: 860px) 100vw, 860px\" \/><\/figure>\n\n\n\n<p>O ano que passou foi de muitas atividades na EMEI da Timba\u00fava. A Escola Recanto da Crian\u00e7a atende 112 alunos. Em 2023 foram realizadas muitas a\u00e7\u00f5es, entre elas: Festa Junina, Dia da Fam\u00edlia, brincando no Parque, Ciranda Natalina, forma\u00e7\u00e3o de Pais, entre outras. <\/p>\n\n\n\n<p>Os moradores do Bairro Timba\u00fava fundaram em 1987 a associa\u00e7\u00e3o da comunidade. Uma das metas era conseguir uma creche para a localidade, e foi assim que em 1993, foi fundada a creche comunit\u00e1ria que recebia apoio dos moradores e da Prefeitura. Em 1999, passou a ser municipal. A EMEI conta com Associa\u00e7\u00e3o de Pais e Mestres &#8211; APM e Conselho Escolar que d\u00e3o todo o suporte no andamento das atividades, assim como, os professores, monitores e auxiliares.&nbsp; <\/p>\n\n\n\n<p>A escola conta com turmas no ber\u00e7\u00e1rio, maternal e pr\u00e9-escola, \u201cNossa comunidade escolar \u00e9 bastante atuante, mantendo a escola sempre em \u00f3timas condi\u00e7\u00f5es. Contamos com uma equipe muito qualificada e dedica para oferecer o melhor para nossos alunos. S\u00f3 podemos agradecer a equipe, aos pais e todos que tornam diariamente nossa escola refer\u00eancia em atendimento\u201d, destaca a Diretora Maria Elena Babichuck. Para 2024, o principal objetivo \u00e9 a amplia\u00e7\u00e3o da escola e compra de brinquedos novos. O projeto j\u00e1 foi aprovado pelo Governo Federal.<\/p>\n","protected":false},"excerpt":{"rendered":"<p>O ano que passou foi de muitas atividades na EMEI da Timba\u00fava. A Escola Recanto da Crian\u00e7a atende 112 alunos.<\/p>\n","protected":false},"author":5,"featured_media":9509,"comment_status":"open","ping_status":"open","sticky":false,"template":"","format":"standard","meta":{"footnotes":""},"categories":[4,18],"tags":[],"class_list":["post-9508","post","type-post","status-publish","format-standard","has-post-thumbnail","hentry","category-noticias","category-secretaria-municipal-de-educacao-e-cultura"],"aioseo_notices":[],"_links":{"self":[{"href":"https:\/\/prefeitura.santarosa.rs.gov.br\/index.php?rest_route=\/wp\/v2\/posts\/9508","targetHints":{"allow":["GET"]}}],"collection":[{"href":"https:\/\/prefeitura.santarosa.rs.gov.br\/index.php?rest_route=\/wp\/v2\/posts"}],"about":[{"href":"https:\/\/prefeitura.santarosa.rs.gov.br\/index.php?rest_route=\/wp\/v2\/types\/post"}],"author":[{"embeddable":true,"href":"https:\/\/prefeitura.santarosa.rs.gov.br\/index.php?rest_route=\/wp\/v2\/users\/5"}],"replies":[{"embeddable":true,"href":"https:\/\/prefeitura.santarosa.rs.gov.br\/index.php?rest_route=%2Fwp%2Fv2%2Fcomments&post=9508"}],"version-history":[{"count":2,"href":"https:\/\/prefeitura.santarosa.rs.gov.br\/index.php?rest_route=\/wp\/v2\/posts\/9508\/revisions"}],"predecessor-version":[{"id":9534,"href":"https:\/\/prefeitura.santarosa.rs.gov.br\/index.php?rest_route=\/wp\/v2\/posts\/9508\/revisions\/9534"}],"wp:featuredmedia":[{"embeddable":true,"href":"https:\/\/prefeitura.santarosa.rs.gov.br\/index.php?rest_route=\/wp\/v2\/media\/9509"}],"wp:attachment":[{"href":"https:\/\/prefeitura.santarosa.rs.gov.br\/index.php?rest_route=%2Fwp%2Fv2%2Fmedia&parent=9508"}],"wp:term":[{"taxonomy":"category","embeddable":true,"href":"https:\/\/prefeitura.santarosa.rs.gov.br\/index.php?rest_route=%2Fwp%2Fv2%2Fcategories&post=9508"},{"taxonomy":"post_tag","embeddable":true,"href":"https:\/\/prefeitura.santarosa.rs.gov.br\/index.php?rest_route=%2Fwp%2Fv2%2Ftags&post=9508"}],"curies":[{"name":"wp","href":"https:\/\/api.w.org\/{rel}","templated":true}]}}