{"id":9489,"date":"2024-02-06T16:45:53","date_gmt":"2024-02-06T19:45:53","guid":{"rendered":"https:\/\/prefeitura.santarosa.rs.gov.br\/?p=9489"},"modified":"2024-10-07T09:51:54","modified_gmt":"2024-10-07T12:51:54","slug":"volta-as-aulas-na-rede-municipal-2","status":"publish","type":"post","link":"https:\/\/prefeitura.santarosa.rs.gov.br\/?p=9489","title":{"rendered":"Volta \u00e0s aulas na Rede Municipal"},"content":{"rendered":"\n<figure class=\"wp-block-image size-full\"><img fetchpriority=\"high\" decoding=\"async\" width=\"860\" height=\"645\" src=\"https:\/\/prefeitura.santarosa.rs.gov.br\/wp-content\/uploads\/2024\/02\/Formato-Site-e-Portal-860X645-JPG-2024-02-06T164127.954.jpg\" alt=\"\" class=\"wp-image-9490\" srcset=\"https:\/\/prefeitura.santarosa.rs.gov.br\/wp-content\/uploads\/2024\/02\/Formato-Site-e-Portal-860X645-JPG-2024-02-06T164127.954.jpg 860w, https:\/\/prefeitura.santarosa.rs.gov.br\/wp-content\/uploads\/2024\/02\/Formato-Site-e-Portal-860X645-JPG-2024-02-06T164127.954-300x225.jpg 300w, https:\/\/prefeitura.santarosa.rs.gov.br\/wp-content\/uploads\/2024\/02\/Formato-Site-e-Portal-860X645-JPG-2024-02-06T164127.954-768x576.jpg 768w\" sizes=\"(max-width: 860px) 100vw, 860px\" \/><\/figure>\n\n\n\n<p>As 34 escolas da Rede Municipal de Ensino de Santa Rosa iniciaram nesta&nbsp;ter\u00e7a-feira (06), o ano letivo de 2024. Mais de 7 mil alunos voltam \u00e0s aulas. A Secretaria de Educa\u00e7\u00e3o conta com 900 professores, monitoras e servidores.<\/p>\n\n\n\n<p>Nas EMEIS &#8211; Escolas de Educa\u00e7\u00e3o Infantil s\u00e3o 3.395 estudantes retornaram \u00e0s aulas. J\u00e1 nas EMEFs &#8211; Escolas de Ensino Fundamental foram mais 3.680. Nesta tarde, o Vice-Prefeito Aldemir Ulrich acompanhou a Secret\u00e1ria Lires Zimmermann na recep\u00e7\u00e3o dos estudantes, \u201cIniciamos o ano letivo de 2024 com muito \u00e2nimo e dedica\u00e7\u00e3o para atingir os objetivos propostos e qualificar cada dia mais a educa\u00e7\u00e3o de Santa Rosa. Desejo um \u00f3timo primeiro semestre para todos os alunos, professores e funcion\u00e1rios da nossa Rede Municipal de Ensino\u201d, destacou Lires. A abertura tamb\u00e9m contou com apresenta\u00e7\u00f5es das Oficinas de Karat\u00ea e Dan\u00e7a.<\/p>\n\n\n\n<p>O n\u00famero de estudantes vem crescendo nos \u00faltimos anos. Para atender a demanda, o Governo vem trabalhando com o foco na amplia\u00e7\u00e3o de vagas na Rede Municipal, j\u00e1 que essa \u00e9 uma das principais necessidades do munic\u00edpio. Tr\u00eas escolas de Educa\u00e7\u00e3o Infantil est\u00e3o em obras, o que vai oportunizar 550 novas vagas. As obras est\u00e3o sendo realizadas com recursos pr\u00f3prios, oriundos das economias da Gest\u00e3o.<\/p>\n","protected":false},"excerpt":{"rendered":"<p>As 34 escolas da Rede Municipal de Ensino de Santa Rosa iniciaram nesta&nbsp;ter\u00e7a-feira (06), o ano letivo de 2024. Mais<\/p>\n","protected":false},"author":5,"featured_media":9490,"comment_status":"open","ping_status":"open","sticky":false,"template":"","format":"standard","meta":{"footnotes":""},"categories":[4,18],"tags":[],"class_list":["post-9489","post","type-post","status-publish","format-standard","has-post-thumbnail","hentry","category-noticias","category-secretaria-municipal-de-educacao-e-cultura"],"aioseo_notices":[],"_links":{"self":[{"href":"https:\/\/prefeitura.santarosa.rs.gov.br\/index.php?rest_route=\/wp\/v2\/posts\/9489","targetHints":{"allow":["GET"]}}],"collection":[{"href":"https:\/\/prefeitura.santarosa.rs.gov.br\/index.php?rest_route=\/wp\/v2\/posts"}],"about":[{"href":"https:\/\/prefeitura.santarosa.rs.gov.br\/index.php?rest_route=\/wp\/v2\/types\/post"}],"author":[{"embeddable":true,"href":"https:\/\/prefeitura.santarosa.rs.gov.br\/index.php?rest_route=\/wp\/v2\/users\/5"}],"replies":[{"embeddable":true,"href":"https:\/\/prefeitura.santarosa.rs.gov.br\/index.php?rest_route=%2Fwp%2Fv2%2Fcomments&post=9489"}],"version-history":[{"count":2,"href":"https:\/\/prefeitura.santarosa.rs.gov.br\/index.php?rest_route=\/wp\/v2\/posts\/9489\/revisions"}],"predecessor-version":[{"id":9495,"href":"https:\/\/prefeitura.santarosa.rs.gov.br\/index.php?rest_route=\/wp\/v2\/posts\/9489\/revisions\/9495"}],"wp:featuredmedia":[{"embeddable":true,"href":"https:\/\/prefeitura.santarosa.rs.gov.br\/index.php?rest_route=\/wp\/v2\/media\/9490"}],"wp:attachment":[{"href":"https:\/\/prefeitura.santarosa.rs.gov.br\/index.php?rest_route=%2Fwp%2Fv2%2Fmedia&parent=9489"}],"wp:term":[{"taxonomy":"category","embeddable":true,"href":"https:\/\/prefeitura.santarosa.rs.gov.br\/index.php?rest_route=%2Fwp%2Fv2%2Fcategories&post=9489"},{"taxonomy":"post_tag","embeddable":true,"href":"https:\/\/prefeitura.santarosa.rs.gov.br\/index.php?rest_route=%2Fwp%2Fv2%2Ftags&post=9489"}],"curies":[{"name":"wp","href":"https:\/\/api.w.org\/{rel}","templated":true}]}}