{"id":9470,"date":"2024-02-05T15:08:38","date_gmt":"2024-02-05T18:08:38","guid":{"rendered":"https:\/\/prefeitura.santarosa.rs.gov.br\/?p=9470"},"modified":"2024-10-07T09:51:54","modified_gmt":"2024-10-07T12:51:54","slug":"retrospectiva-unidades-basicas-de-saude-sulina-2","status":"publish","type":"post","link":"https:\/\/prefeitura.santarosa.rs.gov.br\/?p=9470","title":{"rendered":"Retrospectiva Unidades B\u00e1sicas de Sa\u00fade: Sulina"},"content":{"rendered":"\n<figure class=\"wp-block-image size-full\"><img fetchpriority=\"high\" decoding=\"async\" width=\"860\" height=\"645\" src=\"https:\/\/prefeitura.santarosa.rs.gov.br\/wp-content\/uploads\/2024\/02\/Formato-Site-e-Portal-860X645-JPG-2024-02-05T150150.154.jpg\" alt=\"\" class=\"wp-image-9471\" srcset=\"https:\/\/prefeitura.santarosa.rs.gov.br\/wp-content\/uploads\/2024\/02\/Formato-Site-e-Portal-860X645-JPG-2024-02-05T150150.154.jpg 860w, https:\/\/prefeitura.santarosa.rs.gov.br\/wp-content\/uploads\/2024\/02\/Formato-Site-e-Portal-860X645-JPG-2024-02-05T150150.154-300x225.jpg 300w, https:\/\/prefeitura.santarosa.rs.gov.br\/wp-content\/uploads\/2024\/02\/Formato-Site-e-Portal-860X645-JPG-2024-02-05T150150.154-768x576.jpg 768w\" sizes=\"(max-width: 860px) 100vw, 860px\" \/><\/figure>\n\n\n\n<p><br>O Governo Municipal apresenta nesta&nbsp;segunda-feira (05), os dados do trabalho realizado pela UBS Sulina. Em 2023, aconteceram mais de 75 mil procedimentos na unidade. Al\u00e9m disso, diversas a\u00e7\u00f5es e projetos foram implementados, como os grupos de oficina terap\u00eautica, gestantes, tabagismo, desenvolvimento da fala, atividade f\u00edsica, palestras no outubro rosa e novembro azul, a\u00e7\u00f5es do Programa Sa\u00fade na Escola e os atendimentos de auriculoterapia e quiropraxia.<\/p>\n\n\n\n<p><br>De janeiro a dezembro, a equipe multiprofissional realizou na unidade, 75.423 procedimentos, destes, 9.975 foram com o profissional m\u00e9dico, al\u00e9m dos demais atendimentos de enfermagem, odontol\u00f3gicos, com psic\u00f3loga, fonoaudi\u00f3loga, nutricionista e educadora f\u00edsica. Um dos destaques do ano que passou foram as mais de 1.480 consultas no 3\u00ba Turno. O hor\u00e1rio ampliado \u00e9 ofertado para melhorar o cuidado prestado para cada usu\u00e1rio. A Coordenadora da UBS, Janice Kuhn, destacou as melhorias que aconteceram durante o ano, \u201cEm 2023, o trabalho desenvolvido na UBS Sulina esteve em crescimento constante. Algumas a\u00e7\u00f5es como o terceiro turno para os trabalhadores e a implementa\u00e7\u00e3o do atendimento atrav\u00e9s de teleconsulta, facilitaram o acesso do usu\u00e1rio e foram temas centrais, amplamente discutidos com a equipe e comunidade, sempre com o objetivo de proporcionar um cuidado integral dos nossos usu\u00e1rios\u201d.<\/p>\n\n\n\n<p><br>A Unidade B\u00e1sica de Sa\u00fade da Sulina foi a primeira em Santa Rosa, a disponibilizar o servi\u00e7o da teleconsulta. Uma novidade que veio para agilizar e modernizar o atendimento m\u00e9dico. Em 2023, foram realizadas 50 teleconsultas no munic\u00edpio, destas, 18 foram na UBS Sulina. O Presidente da FUMSSAR, D\u00e9lcio Stefan, destaca que este \u00e9 um avan\u00e7o que contribui para a qualidade de vida da popula\u00e7\u00e3o, \u201cO teleatendimento vem para melhorar e facilitar a vida dos usu\u00e1rios do SUS. Com isso, os pacientes n\u00e3o precisam mais se deslocar fisicamente at\u00e9 as unidades. \u00c9 uma ferramenta fant\u00e1stica que nos permite ofertar mais servi\u00e7os de sa\u00fade para os cidad\u00e3os\u201d.<\/p>\n\n\n\n<p><br>Fundada em novembro de 2006, a UBS Sulina \u00e9 respons\u00e1vel por prestar o atendimento de sa\u00fade para a popula\u00e7\u00e3o dos bairros, Sulina, Vila Nova, Cidade Baixa (centro), Avenida Borges de Medeiros (lado direito at\u00e9 a ponte), RS 344 e territ\u00f3rio dividido pela Rua Jo\u00e3o Pedro Timm. A unidade possui no cadastro 4.994 pessoas (2.440 homens e 2.554 mulheres).&nbsp; O atendimento \u00e9 realizado na Rua Tapes, n\u00ba 220, no bairro Sulina.<\/p>\n","protected":false},"excerpt":{"rendered":"<p>O Governo Municipal apresenta nesta&nbsp;segunda-feira (05), os dados do trabalho realizado pela UBS Sulina. Em 2023, aconteceram mais de 75<\/p>\n","protected":false},"author":5,"featured_media":9471,"comment_status":"open","ping_status":"open","sticky":false,"template":"","format":"standard","meta":{"footnotes":""},"categories":[4,8],"tags":[],"class_list":["post-9470","post","type-post","status-publish","format-standard","has-post-thumbnail","hentry","category-noticias","category-noticias-fumssar"],"aioseo_notices":[],"_links":{"self":[{"href":"https:\/\/prefeitura.santarosa.rs.gov.br\/index.php?rest_route=\/wp\/v2\/posts\/9470","targetHints":{"allow":["GET"]}}],"collection":[{"href":"https:\/\/prefeitura.santarosa.rs.gov.br\/index.php?rest_route=\/wp\/v2\/posts"}],"about":[{"href":"https:\/\/prefeitura.santarosa.rs.gov.br\/index.php?rest_route=\/wp\/v2\/types\/post"}],"author":[{"embeddable":true,"href":"https:\/\/prefeitura.santarosa.rs.gov.br\/index.php?rest_route=\/wp\/v2\/users\/5"}],"replies":[{"embeddable":true,"href":"https:\/\/prefeitura.santarosa.rs.gov.br\/index.php?rest_route=%2Fwp%2Fv2%2Fcomments&post=9470"}],"version-history":[{"count":2,"href":"https:\/\/prefeitura.santarosa.rs.gov.br\/index.php?rest_route=\/wp\/v2\/posts\/9470\/revisions"}],"predecessor-version":[{"id":9524,"href":"https:\/\/prefeitura.santarosa.rs.gov.br\/index.php?rest_route=\/wp\/v2\/posts\/9470\/revisions\/9524"}],"wp:featuredmedia":[{"embeddable":true,"href":"https:\/\/prefeitura.santarosa.rs.gov.br\/index.php?rest_route=\/wp\/v2\/media\/9471"}],"wp:attachment":[{"href":"https:\/\/prefeitura.santarosa.rs.gov.br\/index.php?rest_route=%2Fwp%2Fv2%2Fmedia&parent=9470"}],"wp:term":[{"taxonomy":"category","embeddable":true,"href":"https:\/\/prefeitura.santarosa.rs.gov.br\/index.php?rest_route=%2Fwp%2Fv2%2Fcategories&post=9470"},{"taxonomy":"post_tag","embeddable":true,"href":"https:\/\/prefeitura.santarosa.rs.gov.br\/index.php?rest_route=%2Fwp%2Fv2%2Ftags&post=9470"}],"curies":[{"name":"wp","href":"https:\/\/api.w.org\/{rel}","templated":true}]}}