{"id":9466,"date":"2024-02-05T10:40:36","date_gmt":"2024-02-05T13:40:36","guid":{"rendered":"https:\/\/prefeitura.santarosa.rs.gov.br\/?p=9466"},"modified":"2024-10-07T09:51:54","modified_gmt":"2024-10-07T12:51:54","slug":"obra-da-etapa-iii-do-tape-pora-em-execucao-2","status":"publish","type":"post","link":"https:\/\/prefeitura.santarosa.rs.gov.br\/?p=9466","title":{"rendered":"Mutir\u00e3o para retirada de fios em desuso"},"content":{"rendered":"\n<p><\/p>\n\n\n\n<figure class=\"wp-block-image size-full\"><img fetchpriority=\"high\" decoding=\"async\" width=\"860\" height=\"645\" src=\"https:\/\/prefeitura.santarosa.rs.gov.br\/wp-content\/uploads\/2024\/02\/Formato-Site-e-Portal-860X645-JPG-2024-02-05T100627.863.jpg\" alt=\"\" class=\"wp-image-9467\" srcset=\"https:\/\/prefeitura.santarosa.rs.gov.br\/wp-content\/uploads\/2024\/02\/Formato-Site-e-Portal-860X645-JPG-2024-02-05T100627.863.jpg 860w, https:\/\/prefeitura.santarosa.rs.gov.br\/wp-content\/uploads\/2024\/02\/Formato-Site-e-Portal-860X645-JPG-2024-02-05T100627.863-300x225.jpg 300w, https:\/\/prefeitura.santarosa.rs.gov.br\/wp-content\/uploads\/2024\/02\/Formato-Site-e-Portal-860X645-JPG-2024-02-05T100627.863-768x576.jpg 768w\" sizes=\"(max-width: 860px) 100vw, 860px\" \/><\/figure>\n\n\n\n<p>No \u00faltimo&nbsp;s\u00e1bado&nbsp;(03), aconteceu em Santa Rosa um mutir\u00e3o para retirada de fios em desuso na rede el\u00e9trica do munic\u00edpio. A a\u00e7\u00e3o foi uma parceria envolvendo a Prefeitura, o Minist\u00e9rio P\u00fablico e a RGE. Al\u00e9m disso, empresas de telecomunica\u00e7\u00e3o que operam redes de internet, tamb\u00e9m participaram da a\u00e7\u00e3o.<br>A opera\u00e7\u00e3o inicial foi realizada na Avenida Expedicion\u00e1rio Weber, pr\u00f3ximo da r\u00f3tula do entroncamento com a Rua Santa Rosa. O Vice-Prefeito Aldemir Ulrich esteve no local, vistoriando os servi\u00e7os, \u201cUm estudo inicial previu que pelo menos 30% da fia\u00e7\u00e3o&nbsp;hoje&nbsp;vista na \u00e1rea central da cidade est\u00e1 em desuso. Esse mutir\u00e3o \u00e9 extremamente importante para que possamos organizar melhor a nossa rede el\u00e9trica, evitando acidentes com fios ca\u00eddos, choques el\u00e9tricos, al\u00e9m de tornar a cidade mais bonita e visualmente limpa\u201d.&nbsp;<br>A promotora Ana Paula Mantay ressaltou que a partir de agora, o sistema ser\u00e1 fiscalizado, atendendo toda a legisla\u00e7\u00e3o que trata do tema, \u201cTeremos uma cidade mais limpa sem polui\u00e7\u00e3o visual e principalmente a quest\u00e3o da pr\u00f3pria seguran\u00e7a, ent\u00e3o estamos realizando esse trabalho em conjunto\u201d. Essa foi a primeira a\u00e7\u00e3o de limpeza dos fios, \u201cDepois desse primeiro mutir\u00e3o, vamos poder organizar um planejamento das pr\u00f3ximas a\u00e7\u00f5es\u201d, finaliza Aldemir.<\/p>\n","protected":false},"excerpt":{"rendered":"<p>No \u00faltimo&nbsp;s\u00e1bado&nbsp;(03), aconteceu em Santa Rosa um mutir\u00e3o para retirada de fios em desuso na rede el\u00e9trica do munic\u00edpio. A<\/p>\n","protected":false},"author":5,"featured_media":9467,"comment_status":"open","ping_status":"open","sticky":false,"template":"","format":"standard","meta":{"footnotes":""},"categories":[4,9],"tags":[],"class_list":["post-9466","post","type-post","status-publish","format-standard","has-post-thumbnail","hentry","category-noticias","category-gabinete-do-vice-prefeito"],"aioseo_notices":[],"_links":{"self":[{"href":"https:\/\/prefeitura.santarosa.rs.gov.br\/index.php?rest_route=\/wp\/v2\/posts\/9466","targetHints":{"allow":["GET"]}}],"collection":[{"href":"https:\/\/prefeitura.santarosa.rs.gov.br\/index.php?rest_route=\/wp\/v2\/posts"}],"about":[{"href":"https:\/\/prefeitura.santarosa.rs.gov.br\/index.php?rest_route=\/wp\/v2\/types\/post"}],"author":[{"embeddable":true,"href":"https:\/\/prefeitura.santarosa.rs.gov.br\/index.php?rest_route=\/wp\/v2\/users\/5"}],"replies":[{"embeddable":true,"href":"https:\/\/prefeitura.santarosa.rs.gov.br\/index.php?rest_route=%2Fwp%2Fv2%2Fcomments&post=9466"}],"version-history":[{"count":2,"href":"https:\/\/prefeitura.santarosa.rs.gov.br\/index.php?rest_route=\/wp\/v2\/posts\/9466\/revisions"}],"predecessor-version":[{"id":9469,"href":"https:\/\/prefeitura.santarosa.rs.gov.br\/index.php?rest_route=\/wp\/v2\/posts\/9466\/revisions\/9469"}],"wp:featuredmedia":[{"embeddable":true,"href":"https:\/\/prefeitura.santarosa.rs.gov.br\/index.php?rest_route=\/wp\/v2\/media\/9467"}],"wp:attachment":[{"href":"https:\/\/prefeitura.santarosa.rs.gov.br\/index.php?rest_route=%2Fwp%2Fv2%2Fmedia&parent=9466"}],"wp:term":[{"taxonomy":"category","embeddable":true,"href":"https:\/\/prefeitura.santarosa.rs.gov.br\/index.php?rest_route=%2Fwp%2Fv2%2Fcategories&post=9466"},{"taxonomy":"post_tag","embeddable":true,"href":"https:\/\/prefeitura.santarosa.rs.gov.br\/index.php?rest_route=%2Fwp%2Fv2%2Ftags&post=9466"}],"curies":[{"name":"wp","href":"https:\/\/api.w.org\/{rel}","templated":true}]}}