{"id":9438,"date":"2024-02-01T09:50:28","date_gmt":"2024-02-01T12:50:28","guid":{"rendered":"https:\/\/prefeitura.santarosa.rs.gov.br\/?p=9438"},"modified":"2024-10-07T09:51:54","modified_gmt":"2024-10-07T12:51:54","slug":"anderson-mantei-retorna-para-prefeitura","status":"publish","type":"post","link":"https:\/\/prefeitura.santarosa.rs.gov.br\/?p=9438","title":{"rendered":"<strong>Anderson Mantei retorna para Prefeitura<\/strong>"},"content":{"rendered":"\n<figure class=\"wp-block-image size-full\"><img fetchpriority=\"high\" decoding=\"async\" width=\"860\" height=\"645\" src=\"https:\/\/prefeitura.santarosa.rs.gov.br\/wp-content\/uploads\/2024\/02\/Formato-Site-e-Portal-860X645-JPG-2024-02-01T094818.583.jpg\" alt=\"\" class=\"wp-image-9439\" srcset=\"https:\/\/prefeitura.santarosa.rs.gov.br\/wp-content\/uploads\/2024\/02\/Formato-Site-e-Portal-860X645-JPG-2024-02-01T094818.583.jpg 860w, https:\/\/prefeitura.santarosa.rs.gov.br\/wp-content\/uploads\/2024\/02\/Formato-Site-e-Portal-860X645-JPG-2024-02-01T094818.583-300x225.jpg 300w, https:\/\/prefeitura.santarosa.rs.gov.br\/wp-content\/uploads\/2024\/02\/Formato-Site-e-Portal-860X645-JPG-2024-02-01T094818.583-768x576.jpg 768w\" sizes=\"(max-width: 860px) 100vw, 860px\" \/><\/figure>\n\n\n\n<p>Ap\u00f3s um per\u00edodo de 18 dias afastado para tratamento de sa\u00fade, o Prefeito Anderson Mantei retornou na manh\u00e3 desta quinta-feira (01\/02), ao cargo de chefe do poder executivo santa-rosense. Bem-disposto e totalmente recuperado da cirurgia que fez, Anderson j\u00e1 iniciou o dia despachando documentos e cumprindo agendas no gabinete.<\/p>\n\n\n\n<p>Durante o per\u00edodo de licen\u00e7a de Mantei, Aldemir Ulrich assumiu o cargo de Prefeito, \u201cEst\u00e1 tudo bem com a minha sa\u00fade, estou muito bem. Meu agradecimento ao Prefeito Taquari que administrou neste per\u00edodo que estive licenciado dando continuidade ao nosso projeto de governo. Vamos em frente, o trabalho continua\u201d.<\/p>\n\n\n\n<p>Ap\u00f3s sua chegada, Anderson esteve reunido com alguns secret\u00e1rios para tratar de projetos e a\u00e7\u00f5es que est\u00e3o em andamento no munic\u00edpio.<\/p>\n","protected":false},"excerpt":{"rendered":"<p>Ap\u00f3s um per\u00edodo de 18 dias afastado para tratamento de sa\u00fade, o Prefeito Anderson Mantei retornou na manh\u00e3 desta quinta-feira<\/p>\n","protected":false},"author":6,"featured_media":9440,"comment_status":"closed","ping_status":"closed","sticky":false,"template":"","format":"standard","meta":{"footnotes":""},"categories":[4,15,3],"tags":[],"class_list":["post-9438","post","type-post","status-publish","format-standard","has-post-thumbnail","hentry","category-noticias","category-secretaria-municipal-de-comunicacao","category-gabinete-do-prefeito"],"aioseo_notices":[],"_links":{"self":[{"href":"https:\/\/prefeitura.santarosa.rs.gov.br\/index.php?rest_route=\/wp\/v2\/posts\/9438","targetHints":{"allow":["GET"]}}],"collection":[{"href":"https:\/\/prefeitura.santarosa.rs.gov.br\/index.php?rest_route=\/wp\/v2\/posts"}],"about":[{"href":"https:\/\/prefeitura.santarosa.rs.gov.br\/index.php?rest_route=\/wp\/v2\/types\/post"}],"author":[{"embeddable":true,"href":"https:\/\/prefeitura.santarosa.rs.gov.br\/index.php?rest_route=\/wp\/v2\/users\/6"}],"replies":[{"embeddable":true,"href":"https:\/\/prefeitura.santarosa.rs.gov.br\/index.php?rest_route=%2Fwp%2Fv2%2Fcomments&post=9438"}],"version-history":[{"count":1,"href":"https:\/\/prefeitura.santarosa.rs.gov.br\/index.php?rest_route=\/wp\/v2\/posts\/9438\/revisions"}],"predecessor-version":[{"id":9441,"href":"https:\/\/prefeitura.santarosa.rs.gov.br\/index.php?rest_route=\/wp\/v2\/posts\/9438\/revisions\/9441"}],"wp:featuredmedia":[{"embeddable":true,"href":"https:\/\/prefeitura.santarosa.rs.gov.br\/index.php?rest_route=\/wp\/v2\/media\/9440"}],"wp:attachment":[{"href":"https:\/\/prefeitura.santarosa.rs.gov.br\/index.php?rest_route=%2Fwp%2Fv2%2Fmedia&parent=9438"}],"wp:term":[{"taxonomy":"category","embeddable":true,"href":"https:\/\/prefeitura.santarosa.rs.gov.br\/index.php?rest_route=%2Fwp%2Fv2%2Fcategories&post=9438"},{"taxonomy":"post_tag","embeddable":true,"href":"https:\/\/prefeitura.santarosa.rs.gov.br\/index.php?rest_route=%2Fwp%2Fv2%2Ftags&post=9438"}],"curies":[{"name":"wp","href":"https:\/\/api.w.org\/{rel}","templated":true}]}}