{"id":9425,"date":"2024-01-31T15:48:39","date_gmt":"2024-01-31T18:48:39","guid":{"rendered":"https:\/\/prefeitura.santarosa.rs.gov.br\/?p=9425"},"modified":"2024-10-07T09:51:54","modified_gmt":"2024-10-07T12:51:54","slug":"retrospectiva-unidades-basicas-de-saude-pereira-2","status":"publish","type":"post","link":"https:\/\/prefeitura.santarosa.rs.gov.br\/?p=9425","title":{"rendered":"<strong>Retrospectiva Unidades B\u00e1sicas de Sa\u00fade: Pereira<\/strong>"},"content":{"rendered":"\n<figure class=\"wp-block-image size-full\"><img fetchpriority=\"high\" decoding=\"async\" width=\"860\" height=\"645\" src=\"https:\/\/prefeitura.santarosa.rs.gov.br\/wp-content\/uploads\/2024\/01\/Formato-Site-e-Portal-860X645-JPG-2024-01-31T151532.938.jpg\" alt=\"\" class=\"wp-image-9426\" srcset=\"https:\/\/prefeitura.santarosa.rs.gov.br\/wp-content\/uploads\/2024\/01\/Formato-Site-e-Portal-860X645-JPG-2024-01-31T151532.938.jpg 860w, https:\/\/prefeitura.santarosa.rs.gov.br\/wp-content\/uploads\/2024\/01\/Formato-Site-e-Portal-860X645-JPG-2024-01-31T151532.938-300x225.jpg 300w, https:\/\/prefeitura.santarosa.rs.gov.br\/wp-content\/uploads\/2024\/01\/Formato-Site-e-Portal-860X645-JPG-2024-01-31T151532.938-768x576.jpg 768w\" sizes=\"(max-width: 860px) 100vw, 860px\" \/><\/figure>\n\n\n\n<p>Nesta quarta-feira (31), o Governo Municipal apresenta a retrospectiva da Unidade B\u00e1sica de Sa\u00fade da Pereira. Inaugurada em junho de 2002, a UBS completou 21 anos de atua\u00e7\u00e3o em Santa Rosa. A equipe multiprofissional que atua na Pereira, realizou em 2023, cerca de 66 mil procedimentos. Um dos destaques do ano, foram as a\u00e7\u00f5es de promo\u00e7\u00e3o e preven\u00e7\u00e3o em sa\u00fade com a comunidade e escolas e o fortalecimento das atividades com os grupos de atividade f\u00edsica e oficina terap\u00eautica.<\/p>\n\n\n\n<p>Foram realizados de janeiro a dezembro, 65.744 procedimentos. Destes, 4.945 foram com o profissional m\u00e9dico e os demais servi\u00e7os: com dentista, nutricionista, psic\u00f3loga, fonoaudi\u00f3loga e educadora f\u00edsica. Aconteceram tamb\u00e9m, mais de 8.700 visitas domiciliares. A Coordenadora da UBS Pereira, Eliane Maciel Koling, destacou o trabalho realizado pela equipe, \u201cConseguimos com o empenho de todos os servidores, desenvolver a\u00e7\u00f5es em prol da sa\u00fade dos usu\u00e1rios. Vamos seguir avan\u00e7ando, promovendo atividades que melhorem a qualidade de vida da popula\u00e7\u00e3o atendida na nossa unidade\u201d.<\/p>\n\n\n\n<p>A UBS Pereira \u00e9 respons\u00e1vel por prestar o atendimento de sa\u00fade para 5.532 pessoas (2.674 homens e 2.858 mulheres). O Presidente da FUMSSAR, D\u00e9lcio Stefan, destaca a qualifica\u00e7\u00e3o dos profissionais que atuam nas 18 Unidades B\u00e1sicas de Sa\u00fade de Santa Rosa, \u201cTemos equipes completas, muito bem preparadas e que n\u00e3o medem esfor\u00e7os para atender da melhor forma a popula\u00e7\u00e3o. Servidores que se dedicam ao m\u00e1ximo, todos os dias, para oferecer o melhor servi\u00e7o aos cidad\u00e3os\u201d. Fazem parte da \u00e1rea de abrang\u00eancia da unidade, os moradores dos bairros: Esplanada, Morada do Sol, Vila Jardim, parte central do bairro Cruzeiro, Vila Pereira, Vila Progresso, Loteamento Acqua, Loteamento Altamira 3, Caminho das \u00c1guas, Km3 e Cresol. Para 2024, o objetivo \u00e9 refor\u00e7ar as atividades em grupo. A UBS Pereira fica localizada na Rua Augusto Pestana, n\u00ba 338, Vila Pereira.<\/p>\n","protected":false},"excerpt":{"rendered":"<p>Nesta quarta-feira (31), o Governo Municipal apresenta a retrospectiva da Unidade B\u00e1sica de Sa\u00fade da Pereira. Inaugurada em junho de<\/p>\n","protected":false},"author":6,"featured_media":9427,"comment_status":"closed","ping_status":"closed","sticky":false,"template":"","format":"standard","meta":{"footnotes":""},"categories":[4,8],"tags":[],"class_list":["post-9425","post","type-post","status-publish","format-standard","has-post-thumbnail","hentry","category-noticias","category-noticias-fumssar"],"aioseo_notices":[],"_links":{"self":[{"href":"https:\/\/prefeitura.santarosa.rs.gov.br\/index.php?rest_route=\/wp\/v2\/posts\/9425","targetHints":{"allow":["GET"]}}],"collection":[{"href":"https:\/\/prefeitura.santarosa.rs.gov.br\/index.php?rest_route=\/wp\/v2\/posts"}],"about":[{"href":"https:\/\/prefeitura.santarosa.rs.gov.br\/index.php?rest_route=\/wp\/v2\/types\/post"}],"author":[{"embeddable":true,"href":"https:\/\/prefeitura.santarosa.rs.gov.br\/index.php?rest_route=\/wp\/v2\/users\/6"}],"replies":[{"embeddable":true,"href":"https:\/\/prefeitura.santarosa.rs.gov.br\/index.php?rest_route=%2Fwp%2Fv2%2Fcomments&post=9425"}],"version-history":[{"count":1,"href":"https:\/\/prefeitura.santarosa.rs.gov.br\/index.php?rest_route=\/wp\/v2\/posts\/9425\/revisions"}],"predecessor-version":[{"id":9428,"href":"https:\/\/prefeitura.santarosa.rs.gov.br\/index.php?rest_route=\/wp\/v2\/posts\/9425\/revisions\/9428"}],"wp:featuredmedia":[{"embeddable":true,"href":"https:\/\/prefeitura.santarosa.rs.gov.br\/index.php?rest_route=\/wp\/v2\/media\/9427"}],"wp:attachment":[{"href":"https:\/\/prefeitura.santarosa.rs.gov.br\/index.php?rest_route=%2Fwp%2Fv2%2Fmedia&parent=9425"}],"wp:term":[{"taxonomy":"category","embeddable":true,"href":"https:\/\/prefeitura.santarosa.rs.gov.br\/index.php?rest_route=%2Fwp%2Fv2%2Fcategories&post=9425"},{"taxonomy":"post_tag","embeddable":true,"href":"https:\/\/prefeitura.santarosa.rs.gov.br\/index.php?rest_route=%2Fwp%2Fv2%2Ftags&post=9425"}],"curies":[{"name":"wp","href":"https:\/\/api.w.org\/{rel}","templated":true}]}}