{"id":9420,"date":"2024-01-31T14:26:59","date_gmt":"2024-01-31T17:26:59","guid":{"rendered":"https:\/\/prefeitura.santarosa.rs.gov.br\/?p=9420"},"modified":"2024-10-07T09:51:54","modified_gmt":"2024-10-07T12:51:54","slug":"prefeitura-informa-alteracao-no-transito-em-uma-das-principais-entradas-da-cidade","status":"publish","type":"post","link":"https:\/\/prefeitura.santarosa.rs.gov.br\/?p=9420","title":{"rendered":"<strong>Prefeitura informa altera\u00e7\u00e3o no tr\u00e2nsito em uma das principais entradas da cidade<\/strong>"},"content":{"rendered":"\n<figure class=\"wp-block-image size-full\"><img fetchpriority=\"high\" decoding=\"async\" width=\"860\" height=\"645\" src=\"https:\/\/prefeitura.santarosa.rs.gov.br\/wp-content\/uploads\/2024\/01\/Formato-Site-e-Portal-860X645-JPG-2024-01-31T105454.603.jpg\" alt=\"\" class=\"wp-image-9422\" srcset=\"https:\/\/prefeitura.santarosa.rs.gov.br\/wp-content\/uploads\/2024\/01\/Formato-Site-e-Portal-860X645-JPG-2024-01-31T105454.603.jpg 860w, https:\/\/prefeitura.santarosa.rs.gov.br\/wp-content\/uploads\/2024\/01\/Formato-Site-e-Portal-860X645-JPG-2024-01-31T105454.603-300x225.jpg 300w, https:\/\/prefeitura.santarosa.rs.gov.br\/wp-content\/uploads\/2024\/01\/Formato-Site-e-Portal-860X645-JPG-2024-01-31T105454.603-768x576.jpg 768w\" sizes=\"(max-width: 860px) 100vw, 860px\" \/><\/figure>\n\n\n\n<p>A Prefeitura de Santa Rosa atrav\u00e9s da Secretaria de Mobilidade Urbana, informa a popula\u00e7\u00e3o sobre altera\u00e7\u00f5es no tr\u00e1fego de ve\u00edculos. Uma das entradas da cidade, na Av. Borges de Medeiros, no trevo de acesso ao cemit\u00e9rio at\u00e9 a ponte do Rio Pessegueiro, est\u00e1 com o tr\u00e2nsito interrompido devido \u00e0 execu\u00e7\u00e3o de obras na pista. A \u00e1rea est\u00e1 recebendo recapeamento asf\u00e1ltico.<\/p>\n\n\n\n<p>Motoristas que passarem pela regi\u00e3o, podem fazer o contorno at\u00e9 a entrada da Sulina ou realizar o acesso por outro trevo da cidade. A previs\u00e3o \u00e9 que a obra seja conclu\u00edda at\u00e9 a sexta-feira (02\/02). Mais de R$ 1 milh\u00e3o est\u00e3o sendo investidos no local.<\/p>\n","protected":false},"excerpt":{"rendered":"<p>A Prefeitura de Santa Rosa atrav\u00e9s da Secretaria de Mobilidade Urbana, informa a popula\u00e7\u00e3o sobre altera\u00e7\u00f5es no tr\u00e1fego de ve\u00edculos.<\/p>\n","protected":false},"author":6,"featured_media":9423,"comment_status":"closed","ping_status":"closed","sticky":false,"template":"","format":"standard","meta":{"footnotes":""},"categories":[4,27],"tags":[],"class_list":["post-9420","post","type-post","status-publish","format-standard","has-post-thumbnail","hentry","category-noticias","category-secretaria-municipal-de-mobilidade-urbana"],"aioseo_notices":[],"_links":{"self":[{"href":"https:\/\/prefeitura.santarosa.rs.gov.br\/index.php?rest_route=\/wp\/v2\/posts\/9420","targetHints":{"allow":["GET"]}}],"collection":[{"href":"https:\/\/prefeitura.santarosa.rs.gov.br\/index.php?rest_route=\/wp\/v2\/posts"}],"about":[{"href":"https:\/\/prefeitura.santarosa.rs.gov.br\/index.php?rest_route=\/wp\/v2\/types\/post"}],"author":[{"embeddable":true,"href":"https:\/\/prefeitura.santarosa.rs.gov.br\/index.php?rest_route=\/wp\/v2\/users\/6"}],"replies":[{"embeddable":true,"href":"https:\/\/prefeitura.santarosa.rs.gov.br\/index.php?rest_route=%2Fwp%2Fv2%2Fcomments&post=9420"}],"version-history":[{"count":1,"href":"https:\/\/prefeitura.santarosa.rs.gov.br\/index.php?rest_route=\/wp\/v2\/posts\/9420\/revisions"}],"predecessor-version":[{"id":9424,"href":"https:\/\/prefeitura.santarosa.rs.gov.br\/index.php?rest_route=\/wp\/v2\/posts\/9420\/revisions\/9424"}],"wp:featuredmedia":[{"embeddable":true,"href":"https:\/\/prefeitura.santarosa.rs.gov.br\/index.php?rest_route=\/wp\/v2\/media\/9423"}],"wp:attachment":[{"href":"https:\/\/prefeitura.santarosa.rs.gov.br\/index.php?rest_route=%2Fwp%2Fv2%2Fmedia&parent=9420"}],"wp:term":[{"taxonomy":"category","embeddable":true,"href":"https:\/\/prefeitura.santarosa.rs.gov.br\/index.php?rest_route=%2Fwp%2Fv2%2Fcategories&post=9420"},{"taxonomy":"post_tag","embeddable":true,"href":"https:\/\/prefeitura.santarosa.rs.gov.br\/index.php?rest_route=%2Fwp%2Fv2%2Ftags&post=9420"}],"curies":[{"name":"wp","href":"https:\/\/api.w.org\/{rel}","templated":true}]}}