{"id":9410,"date":"2024-01-30T17:09:42","date_gmt":"2024-01-30T20:09:42","guid":{"rendered":"https:\/\/prefeitura.santarosa.rs.gov.br\/?p=9410"},"modified":"2024-10-07T09:51:54","modified_gmt":"2024-10-07T12:51:54","slug":"retrospectivas-escolas-municipais-emef-pedro-speroni","status":"publish","type":"post","link":"https:\/\/prefeitura.santarosa.rs.gov.br\/?p=9410","title":{"rendered":"<strong>Retrospectivas Escolas Municipais: EMEF Pedro Speroni<\/strong>"},"content":{"rendered":"\n<figure class=\"wp-block-image size-full\"><img fetchpriority=\"high\" decoding=\"async\" width=\"860\" height=\"645\" src=\"https:\/\/prefeitura.santarosa.rs.gov.br\/wp-content\/uploads\/2024\/01\/Formato-Site-e-Portal-860X645-JPG-2024-01-30T170852.282.jpg\" alt=\"\" class=\"wp-image-9411\" srcset=\"https:\/\/prefeitura.santarosa.rs.gov.br\/wp-content\/uploads\/2024\/01\/Formato-Site-e-Portal-860X645-JPG-2024-01-30T170852.282.jpg 860w, https:\/\/prefeitura.santarosa.rs.gov.br\/wp-content\/uploads\/2024\/01\/Formato-Site-e-Portal-860X645-JPG-2024-01-30T170852.282-300x225.jpg 300w, https:\/\/prefeitura.santarosa.rs.gov.br\/wp-content\/uploads\/2024\/01\/Formato-Site-e-Portal-860X645-JPG-2024-01-30T170852.282-768x576.jpg 768w\" sizes=\"(max-width: 860px) 100vw, 860px\" \/><\/figure>\n\n\n\n<p>Em continua\u00e7\u00e3o \u00e0s retrospectivas das escolas que fazem parte da Rede Municipal de Ensino, a Prefeitura apresenta nesta ter\u00e7a-feira (30), dados do trabalho realizado na EMEF Pedro Speroni. A escola conta com 432 alunos (247 meninos e 185 meninas), em 17 turmas da pr\u00e9-escola ao 9\u00ba ano. Inaugurada em 1971, a institui\u00e7\u00e3o atua h\u00e1 52 anos em Santa Rosa. Em 2023, ocorreram diversas atividades, entre elas, oficinas de karat\u00ea e de dan\u00e7a (hip hop e tradicionalistas), rodas de conversa, a\u00e7\u00f5es do Programa Sa\u00fade na Escola \u2013 PSE, eventos em datas comemorativas, Feira do Conhecimento e o Projeto: Construindo Valores.<\/p>\n\n\n\n<p>Um dos destaques de 2023, foi a conquista de diversos pr\u00eamios pelos estudantes da EMEF Pedro Speroni. A escola recebeu 12 premia\u00e7\u00f5es entre 1\u00ba, 2\u00ba e 3\u00ba lugar nas Ol\u00edmpiadas Municipais e teve alunos selecionados para apresentar trabalhos em feiras de matem\u00e1tica regionais e estaduais. A institui\u00e7\u00e3o de ensino possui uma equipe formada por 34 professores, 2 monitoras, 6 auxiliares de servi\u00e7os gerais e 2 auxiliares administrativos. Al\u00e9m disso, possui sala de recursos para o atendimento inclusivo de 17 alunos. A Diretora Iondir Teresinha Schaedler, destaca que a educa\u00e7\u00e3o com toda sua abrang\u00eancia e complexidade precisa ser repensada constantemente, \u201cBuscamos como equipe, refletir sobre a fun\u00e7\u00e3o social da nossa escola e junto com os alunos, pais e familiares formamos essa grande teia chamada comunidade escolar. Identificamos e reconhecemos nossos pontos fr\u00e1geis e com trabalho s\u00e9rio, desenvolvemos estrat\u00e9gias e m\u00e9todos para destacar e fortalecer nossas potencialidades. Prova disso, s\u00e3o os resultados positivos que conseguimos em v\u00e1rios setores, como o esporte, literatura, feiras do conhecimento e de matem\u00e1tica, entre outros. Fortalecemos nossa rela\u00e7\u00e3o com pais e alunos e isso trouxe melhoras significativas em nossos \u00edndices de desempenho na aprendizagem\u201d.<\/p>\n\n\n\n<p>Para 2024, o objetivo da dire\u00e7\u00e3o \u00e9 dar continuidade nos projetos em andamento, al\u00e9m de iniciar outros novos, como a aplica\u00e7\u00e3o de Teste Vocacional para alunos do 9\u00ba ano e a amplia\u00e7\u00e3o das atividades no contraturno. A Secret\u00e1ria, Lires Zimmermann, destaca o trabalho realizado no ano que passou, \u201cTivemos um ano de muitos avan\u00e7os e temos que destacar o empenho de todos os profissionais da secretaria, os servidores e em especial, os professores da rede que se dedicam muito e fazem a diferen\u00e7a. Para esse pr\u00f3ximo ano letivo, vamos ampliar nossa atua\u00e7\u00e3o e principalmente, o n\u00famero de vagas\u201d. A EMEF Pedro Speroni fica localizada na Rua Joaquim Rodrigues, n\u00ba 1.661, Vila Speroni, no bairro Cruzeiro.<\/p>\n","protected":false},"excerpt":{"rendered":"<p>Em continua\u00e7\u00e3o \u00e0s retrospectivas das escolas que fazem parte da Rede Municipal de Ensino, a Prefeitura apresenta nesta ter\u00e7a-feira (30),<\/p>\n","protected":false},"author":6,"featured_media":9412,"comment_status":"closed","ping_status":"closed","sticky":false,"template":"","format":"standard","meta":{"footnotes":""},"categories":[4,18],"tags":[],"class_list":["post-9410","post","type-post","status-publish","format-standard","has-post-thumbnail","hentry","category-noticias","category-secretaria-municipal-de-educacao-e-cultura"],"aioseo_notices":[],"_links":{"self":[{"href":"https:\/\/prefeitura.santarosa.rs.gov.br\/index.php?rest_route=\/wp\/v2\/posts\/9410","targetHints":{"allow":["GET"]}}],"collection":[{"href":"https:\/\/prefeitura.santarosa.rs.gov.br\/index.php?rest_route=\/wp\/v2\/posts"}],"about":[{"href":"https:\/\/prefeitura.santarosa.rs.gov.br\/index.php?rest_route=\/wp\/v2\/types\/post"}],"author":[{"embeddable":true,"href":"https:\/\/prefeitura.santarosa.rs.gov.br\/index.php?rest_route=\/wp\/v2\/users\/6"}],"replies":[{"embeddable":true,"href":"https:\/\/prefeitura.santarosa.rs.gov.br\/index.php?rest_route=%2Fwp%2Fv2%2Fcomments&post=9410"}],"version-history":[{"count":1,"href":"https:\/\/prefeitura.santarosa.rs.gov.br\/index.php?rest_route=\/wp\/v2\/posts\/9410\/revisions"}],"predecessor-version":[{"id":9413,"href":"https:\/\/prefeitura.santarosa.rs.gov.br\/index.php?rest_route=\/wp\/v2\/posts\/9410\/revisions\/9413"}],"wp:featuredmedia":[{"embeddable":true,"href":"https:\/\/prefeitura.santarosa.rs.gov.br\/index.php?rest_route=\/wp\/v2\/media\/9412"}],"wp:attachment":[{"href":"https:\/\/prefeitura.santarosa.rs.gov.br\/index.php?rest_route=%2Fwp%2Fv2%2Fmedia&parent=9410"}],"wp:term":[{"taxonomy":"category","embeddable":true,"href":"https:\/\/prefeitura.santarosa.rs.gov.br\/index.php?rest_route=%2Fwp%2Fv2%2Fcategories&post=9410"},{"taxonomy":"post_tag","embeddable":true,"href":"https:\/\/prefeitura.santarosa.rs.gov.br\/index.php?rest_route=%2Fwp%2Fv2%2Ftags&post=9410"}],"curies":[{"name":"wp","href":"https:\/\/api.w.org\/{rel}","templated":true}]}}