{"id":9384,"date":"2024-01-29T16:22:22","date_gmt":"2024-01-29T19:22:22","guid":{"rendered":"https:\/\/prefeitura.santarosa.rs.gov.br\/?p=9384"},"modified":"2024-10-07T09:51:54","modified_gmt":"2024-10-07T12:51:54","slug":"santa-rosa-tem-44-casos-de-dengue-confirmados","status":"publish","type":"post","link":"https:\/\/prefeitura.santarosa.rs.gov.br\/?p=9384","title":{"rendered":"<strong>Santa Rosa tem 44 casos de Dengue confirmados<\/strong>"},"content":{"rendered":"\n<p><em>FUMSSAR divulgou o 1\u00ba levantamento do ano do \u00cdndice R\u00e1pido para o Aedes aegypti &#8211; LIRAa<\/em><\/p>\n\n\n\n<figure class=\"wp-block-image size-full\"><img fetchpriority=\"high\" decoding=\"async\" width=\"860\" height=\"645\" src=\"https:\/\/prefeitura.santarosa.rs.gov.br\/wp-content\/uploads\/2024\/01\/Formato-Site-e-Portal-860X645-JPG-2024-01-29T161447.840.jpg\" alt=\"\" class=\"wp-image-9390\" srcset=\"https:\/\/prefeitura.santarosa.rs.gov.br\/wp-content\/uploads\/2024\/01\/Formato-Site-e-Portal-860X645-JPG-2024-01-29T161447.840.jpg 860w, https:\/\/prefeitura.santarosa.rs.gov.br\/wp-content\/uploads\/2024\/01\/Formato-Site-e-Portal-860X645-JPG-2024-01-29T161447.840-300x225.jpg 300w, https:\/\/prefeitura.santarosa.rs.gov.br\/wp-content\/uploads\/2024\/01\/Formato-Site-e-Portal-860X645-JPG-2024-01-29T161447.840-768x576.jpg 768w\" sizes=\"(max-width: 860px) 100vw, 860px\" \/><\/figure>\n\n\n\n<p>A FUMSSAR por meio da Vigil\u00e2ncia Ambiental, divulgou nesta segunda-feira (29), o resultado do 1\u00ba Levantamento de \u00cdndice R\u00e1pido para o Aedes aegypti &#8211; LIRAa de 2024. Conforme os dados obtidos, Santa Rosa apresentou m\u00e9dio risco de infesta\u00e7\u00e3o de dengue, febre de chikungunya e zika v\u00edrus.&nbsp; A pesquisa realizada neste m\u00eas de janeiro, em 1.380 im\u00f3veis do munic\u00edpio, demonstrou que 2,7% dos locais vistoriados contam com a presen\u00e7a do mosquito transmissor da Dengue. Um resultado preocupante e que serve de alerta para a popula\u00e7\u00e3o.<\/p>\n\n\n\n<p>O LIRAa \u00e9 uma a\u00e7\u00e3o desenvolvida pelo Minist\u00e9rio da Sa\u00fade, que permite a identifica\u00e7\u00e3o de \u00e1reas com maior ocorr\u00eancia de focos, bem como, dos criadouros predominantes, indicando o risco de infesta\u00e7\u00e3o do mosquito Aedes aegypti. A atividade \u00e9 realizada periodicamente, quatro vezes ao ano, por meio da vistoria em im\u00f3veis de Santa Rosa. De acordo com as Diretrizes Nacionais para Preven\u00e7\u00e3o e Controle de Epidemias de Dengue (2009), os par\u00e2metros para classifica\u00e7\u00e3o dos estratos e dos munic\u00edpios, quanto \u00e0 infesta\u00e7\u00e3o pelo Aedes aegypti s\u00e3o: Baixo Risco (menor que 0,9%); M\u00e9dio Risco (de 1% a 3,99%) e Alto Risco (acima de 3,99%). Este levantamento realizado em janeiro, mostrou os seguintes resultados: Estrato 01 = 1,5; Estrato 02 = 4,9 e Estrato 03 = 1,6, sendo ent\u00e3o a m\u00e9dia geral da cidade = 2,7, apresentando assim, m\u00e9dio risco para o mun\u00edcipio.<\/p>\n\n\n\n<p>A FUMSSAR tamb\u00e9m divulgou um boletim atualizado dos casos de Dengue no munic\u00edpio. No per\u00edodo epidemiol\u00f3gico registrado do in\u00edcio do ano, at\u00e9 hoje, Santa Rosa teve 72 notifica\u00e7\u00f5es do v\u00edrus, sendo 44 casos confirmados e 22 em investiga\u00e7\u00e3o. O Gerente das Vigil\u00e2ncias, Jairo Beal, destaca que o trabalho de preven\u00e7\u00e3o e fiscaliza\u00e7\u00e3o vem avan\u00e7ando, mas que a ajuda da popula\u00e7\u00e3o \u00e9 fundamental para frear a dissemina\u00e7\u00e3o do v\u00edrus, \u201cAs altas temperaturas e o grande volume de chuva que ocorreram em janeiro, foram o cen\u00e1rio ideal para favorecer a prolifera\u00e7\u00e3o do mosquito. \u00c9 um momento de alerta para todos n\u00f3s, pois tivemos um significativo aumento dos casos de Dengue neste m\u00eas, em compara\u00e7\u00e3o aos anos anteriores. Precisamos da ajuda da popula\u00e7\u00e3o, para que adotem as medidas de preven\u00e7\u00e3o e fa\u00e7am sua parte, principalmente nos bairros que contemplam o estrato 02, onde houve uma eleva\u00e7\u00e3o dos par\u00e2metros. S\u00e3o cuidados simples, mas que fazem toda a diferen\u00e7a\u201d. O estrato 02 compreende os bairros, Jardim Petr\u00f3polis, Cidade Baixa, Timba\u00fava, Gl\u00f3ria, Polivalente, Centro e Flores.<\/p>\n\n\n\n<p>Para diminuir os casos da doen\u00e7a, algumas medidas s\u00e3o essenciais, como: eliminar os criadouros do mosquito Aedes Aegypti, ou seja, n\u00e3o deixar \u00e1gua parada, cobrir as caixas d\u2019\u00e1gua, manter o lixo fechado, cuidar de piscinas e ralos dentro de casa, limpar as calhas e telhados, utilizar areia nos vasos de plantas e sempre deixar garrafas e outros recipientes de cabe\u00e7a para baixo. A Funda\u00e7\u00e3o de Sa\u00fade orienta a popula\u00e7\u00e3o para que fa\u00e7a uso do repelente e refor\u00e7a, que caso sejam observados sintomas da doen\u00e7a, o cidad\u00e3o deve manter a hidrata\u00e7\u00e3o e procurar a Unidade B\u00e1sica de Sa\u00fade de refer\u00eancia para realizar o teste r\u00e1pido. Se houver algum sintoma grave, o mesmo deve dirigir-se \u00e0 Unidade de Pronto Atendimento &#8211; UPA.<\/p>\n","protected":false},"excerpt":{"rendered":"<p>FUMSSAR divulgou o 1\u00ba levantamento do ano do \u00cdndice R\u00e1pido para o Aedes aegypti &#8211; LIRAa A FUMSSAR por meio<\/p>\n","protected":false},"author":6,"featured_media":9391,"comment_status":"closed","ping_status":"closed","sticky":false,"template":"","format":"standard","meta":{"footnotes":""},"categories":[7,4,8],"tags":[],"class_list":["post-9384","post","type-post","status-publish","format-standard","has-post-thumbnail","hentry","category-dengue","category-noticias","category-noticias-fumssar"],"aioseo_notices":[],"_links":{"self":[{"href":"https:\/\/prefeitura.santarosa.rs.gov.br\/index.php?rest_route=\/wp\/v2\/posts\/9384","targetHints":{"allow":["GET"]}}],"collection":[{"href":"https:\/\/prefeitura.santarosa.rs.gov.br\/index.php?rest_route=\/wp\/v2\/posts"}],"about":[{"href":"https:\/\/prefeitura.santarosa.rs.gov.br\/index.php?rest_route=\/wp\/v2\/types\/post"}],"author":[{"embeddable":true,"href":"https:\/\/prefeitura.santarosa.rs.gov.br\/index.php?rest_route=\/wp\/v2\/users\/6"}],"replies":[{"embeddable":true,"href":"https:\/\/prefeitura.santarosa.rs.gov.br\/index.php?rest_route=%2Fwp%2Fv2%2Fcomments&post=9384"}],"version-history":[{"count":1,"href":"https:\/\/prefeitura.santarosa.rs.gov.br\/index.php?rest_route=\/wp\/v2\/posts\/9384\/revisions"}],"predecessor-version":[{"id":9392,"href":"https:\/\/prefeitura.santarosa.rs.gov.br\/index.php?rest_route=\/wp\/v2\/posts\/9384\/revisions\/9392"}],"wp:featuredmedia":[{"embeddable":true,"href":"https:\/\/prefeitura.santarosa.rs.gov.br\/index.php?rest_route=\/wp\/v2\/media\/9391"}],"wp:attachment":[{"href":"https:\/\/prefeitura.santarosa.rs.gov.br\/index.php?rest_route=%2Fwp%2Fv2%2Fmedia&parent=9384"}],"wp:term":[{"taxonomy":"category","embeddable":true,"href":"https:\/\/prefeitura.santarosa.rs.gov.br\/index.php?rest_route=%2Fwp%2Fv2%2Fcategories&post=9384"},{"taxonomy":"post_tag","embeddable":true,"href":"https:\/\/prefeitura.santarosa.rs.gov.br\/index.php?rest_route=%2Fwp%2Fv2%2Ftags&post=9384"}],"curies":[{"name":"wp","href":"https:\/\/api.w.org\/{rel}","templated":true}]}}