{"id":9366,"date":"2024-01-26T10:11:29","date_gmt":"2024-01-26T13:11:29","guid":{"rendered":"https:\/\/prefeitura.santarosa.rs.gov.br\/?p=9366"},"modified":"2024-10-07T09:51:54","modified_gmt":"2024-10-07T12:51:54","slug":"retrospectivas-escolas-municipais-emef-santa-rita","status":"publish","type":"post","link":"https:\/\/prefeitura.santarosa.rs.gov.br\/?p=9366","title":{"rendered":"<strong>Retrospectivas Escolas Municipais: EMEF Santa Rita<\/strong>"},"content":{"rendered":"\n<figure class=\"wp-block-image size-full\"><img fetchpriority=\"high\" decoding=\"async\" width=\"860\" height=\"645\" src=\"https:\/\/prefeitura.santarosa.rs.gov.br\/wp-content\/uploads\/2024\/01\/Formato-Site-e-Portal-860X645-JPG-2024-01-26T100503.254.jpg\" alt=\"\" class=\"wp-image-9367\" srcset=\"https:\/\/prefeitura.santarosa.rs.gov.br\/wp-content\/uploads\/2024\/01\/Formato-Site-e-Portal-860X645-JPG-2024-01-26T100503.254.jpg 860w, https:\/\/prefeitura.santarosa.rs.gov.br\/wp-content\/uploads\/2024\/01\/Formato-Site-e-Portal-860X645-JPG-2024-01-26T100503.254-300x225.jpg 300w, https:\/\/prefeitura.santarosa.rs.gov.br\/wp-content\/uploads\/2024\/01\/Formato-Site-e-Portal-860X645-JPG-2024-01-26T100503.254-768x576.jpg 768w\" sizes=\"(max-width: 860px) 100vw, 860px\" \/><\/figure>\n\n\n\n<p>Em continua\u00e7\u00e3o \u00e0s retrospectivas das escolas que fazem parte da Rede Municipal de Ensino, a Prefeitura apresenta nesta sexta-feira (26), dados do trabalho realizado na EMEF Santa Rita. A escola conta com 370 alunos, em 17 turmas da pr\u00e9-escola ao 9\u00ba ano. Inaugurada em novembro de 1978, a institui\u00e7\u00e3o completou 45 anos de hist\u00f3ria. Em 2023, ocorreram c\u00edrculos de paz, a\u00e7\u00f5es do maio laranja, Musicanto vai \u00e0 Escola, oficinas de karat\u00ea, dan\u00e7a de rua e flauta e eventos em datas comemorativas (dia dos pais, dia das m\u00e3es, dia da fam\u00edlia e dia do idoso), entre outras atividades.<\/p>\n\n\n\n<p>Um dos destaques de 2023, foi o recebimento de uma Mo\u00e7\u00e3o de Congratula\u00e7\u00f5es pelo belo hist\u00f3rico da EMEF Santa Rita, em comemora\u00e7\u00e3o aos seus 45 anos de funda\u00e7\u00e3o. A homenagem foi entregue para a comunidade escolar na celebra\u00e7\u00e3o de natal, com lindas apresenta\u00e7\u00f5es dos alunos e convidados parceiros. A escola possui uma equipe formada por 42 servidores que realizam o atendimento aos estudantes. Al\u00e9m disso, a institui\u00e7\u00e3o conta tamb\u00e9m, com sala de recursos para o atendimento inclusivo de 06 alunos. A Diretora Lena Naiara Jantsch Wink, agradeceu o apoio dos servidores, pais e familiares, que somaram esfor\u00e7os, acreditando que a educa\u00e7\u00e3o \u00e9 tarefa conjunta da fam\u00edlia e da escola, \u201cDeixo aqui registrado, o meu agradecimento para toda a comunidade escolar que nos auxiliou a superar desafios e nos tornar mais fortes na conquista dos nossos objetivos. A escola \u00e9 nossa segunda casa e aqui, encontramos profissionais que, efetivamente, se preocupam em auxiliar no desenvolvimento de pessoas mais solid\u00e1rias, aut\u00eanticas e felizes\u201d.<\/p>\n\n\n\n<p>No ano que passou, os alunos da escola Santa Rita foram premiados em diversos projetos, nas \u00e1reas esportiva, de literatura e ci\u00eancias. Nas Olimp\u00edadas das Escolas Municipais, a escola recebeu as seguintes premia\u00e7\u00f5es: 1\u00b0 lugar mirim futebol masculino, 1\u00b0 lugar infantil xadrez feminino, 1\u00b0 lugar infantil xadrez masculino, 2\u00b0 lugar mirim futsal masculino e 3\u00b0 lugar no atletismo. Nos Jogos Abertos da Crian\u00e7a, conquistou o 2\u00b0 lugar futsal masculino. O aluno J\u00falio Cesar Seidel foi o autor do melhor conto, recebendo o Pr\u00eamio do Projeto Minist\u00e9rio P\u00fablico: Melhor Conto Estadual. Al\u00e9m disso, a aluna Ana Gauer de Souza recebeu medalha de ouro, nas Olimp\u00edadas Nacional de Ci\u00eancias. A Secret\u00e1ria, Lires Zimmermann, destaca o orgulho de ter tantos estudantes destaque na Rede Municipal de Ensino, \u201cEm 2023, tivemos muitos alunos de santa Rosa que foram destaque no munic\u00edpio, no RS e no pa\u00eds. Isso gra\u00e7as aos nossos professores e equipes maravilhosas que se dedicam em promover um ensino de qualidade\u201d. A EMEF Santa Rita fica localizada na Rua Estanislau Kwiatwoski, n\u00ba 271, no bairro S\u00e3o Francisco.<\/p>\n","protected":false},"excerpt":{"rendered":"<p>Em continua\u00e7\u00e3o \u00e0s retrospectivas das escolas que fazem parte da Rede Municipal de Ensino, a Prefeitura apresenta nesta sexta-feira (26),<\/p>\n","protected":false},"author":6,"featured_media":9368,"comment_status":"closed","ping_status":"closed","sticky":false,"template":"","format":"standard","meta":{"footnotes":""},"categories":[4,18],"tags":[],"class_list":["post-9366","post","type-post","status-publish","format-standard","has-post-thumbnail","hentry","category-noticias","category-secretaria-municipal-de-educacao-e-cultura"],"aioseo_notices":[],"_links":{"self":[{"href":"https:\/\/prefeitura.santarosa.rs.gov.br\/index.php?rest_route=\/wp\/v2\/posts\/9366","targetHints":{"allow":["GET"]}}],"collection":[{"href":"https:\/\/prefeitura.santarosa.rs.gov.br\/index.php?rest_route=\/wp\/v2\/posts"}],"about":[{"href":"https:\/\/prefeitura.santarosa.rs.gov.br\/index.php?rest_route=\/wp\/v2\/types\/post"}],"author":[{"embeddable":true,"href":"https:\/\/prefeitura.santarosa.rs.gov.br\/index.php?rest_route=\/wp\/v2\/users\/6"}],"replies":[{"embeddable":true,"href":"https:\/\/prefeitura.santarosa.rs.gov.br\/index.php?rest_route=%2Fwp%2Fv2%2Fcomments&post=9366"}],"version-history":[{"count":1,"href":"https:\/\/prefeitura.santarosa.rs.gov.br\/index.php?rest_route=\/wp\/v2\/posts\/9366\/revisions"}],"predecessor-version":[{"id":9369,"href":"https:\/\/prefeitura.santarosa.rs.gov.br\/index.php?rest_route=\/wp\/v2\/posts\/9366\/revisions\/9369"}],"wp:featuredmedia":[{"embeddable":true,"href":"https:\/\/prefeitura.santarosa.rs.gov.br\/index.php?rest_route=\/wp\/v2\/media\/9368"}],"wp:attachment":[{"href":"https:\/\/prefeitura.santarosa.rs.gov.br\/index.php?rest_route=%2Fwp%2Fv2%2Fmedia&parent=9366"}],"wp:term":[{"taxonomy":"category","embeddable":true,"href":"https:\/\/prefeitura.santarosa.rs.gov.br\/index.php?rest_route=%2Fwp%2Fv2%2Fcategories&post=9366"},{"taxonomy":"post_tag","embeddable":true,"href":"https:\/\/prefeitura.santarosa.rs.gov.br\/index.php?rest_route=%2Fwp%2Fv2%2Ftags&post=9366"}],"curies":[{"name":"wp","href":"https:\/\/api.w.org\/{rel}","templated":true}]}}