{"id":930,"date":"2021-09-21T15:12:00","date_gmt":"2021-09-21T18:12:00","guid":{"rendered":"https:\/\/prefeitura.santarosa.rs.gov.br\/?p=930"},"modified":"2024-10-07T09:54:44","modified_gmt":"2024-10-07T12:54:44","slug":"santa-rosa-vacinou-75-da-populacao-contra-a-covid-19","status":"publish","type":"post","link":"https:\/\/prefeitura.santarosa.rs.gov.br\/?p=930","title":{"rendered":"Santa Rosa vacinou 75% da popula\u00e7\u00e3o contra a COVID-19"},"content":{"rendered":"\n<p>Santa Rosa est\u00e1 com 3\/4 da popula\u00e7\u00e3o vacinada com primeira dose<\/p>\n\n\n\n<p>A Funda\u00e7\u00e3o Municipal de Sa\u00fade de Santa Rosa j\u00e1 aplicou 91.627 doses contra a COVID-19. Do total, 55.189 foram de primeira dose (D1), o que representa 75,3% da popula\u00e7\u00e3o vacinada no munic\u00edpio. De segunda dose 34.178 (D2) e 2.260 de dose \u00fanica (DU), sendo assim, 36.438 pessoas est\u00e3o com a imuniza\u00e7\u00e3o completa, 49,7% dos santa-rosenses. Os dados est\u00e3o de acordo com o informativo da SES\/RS \u2013 Secretaria de Sa\u00fade do Rio Grande do Sul.<br><br>Santa Rosa est\u00e1 com 3\/4 da popula\u00e7\u00e3o vacinada com primeira dose. Para o presidente da Funda\u00e7\u00e3o, D\u00e9lcio Stefan, esse \u00e9 um momento muito importante que mostra o avan\u00e7o da vacina\u00e7\u00e3o em Santa Rosa, \u201cTer 75% dos santa-rosenses vacinados com primeira dose, nos deixa muito feliz, pois mostra o quanto estamos avan\u00e7ando na porcentagem de pessoas imunizadas contra a COVID-19. Deixamos um apelo para que a popula\u00e7\u00e3o que ainda n\u00e3o se vacinou, procure a UBS e fa\u00e7a a aplica\u00e7\u00e3o da vacina, s\u00f3 assim conseguiremos combater a pandemia\u201d. A vacina\u00e7\u00e3o segue acontecendo para pessoas a partir dos 17 anos. A aplica\u00e7\u00e3o est\u00e1 sendo feita em todas as UBS\u2019s, at\u00e9 terminarem os estoques. O atendimento \u00e9 mediante agendamento pr\u00e9vio por telefone ou presencial, ou conforme o gerenciamento de cada UBS.<br><br>Est\u00e1 acontecendo a aplica\u00e7\u00e3o da dose de refor\u00e7o, em idosos acima de 70 anos que completaram o esquema vacinal das duas doses ou dose \u00fanica h\u00e1 06 meses. Tamb\u00e9m esta sendo realizada a dose de refor\u00e7o para pessoas com alto grau de imunossupress\u00e3o: Imunodefici\u00eancia prim\u00e1ria grave; quimioterapia para c\u00e2ncer; transplantados de \u00f3rg\u00e3o s\u00f3lido ou de c\u00e9lulas tronco hematopoi\u00e9ticas (TCTH) em uso de drogas imunossupressoras e pessoas vivendo com HIV com CD4. Para os indiv\u00edduos com alto grau de imunossupress\u00e3o, o intervalo para a dose de refor\u00e7o dever\u00e1 ser de 28 dias ap\u00f3s a \u00faltima dose do esquema b\u00e1sico. Os moradores de Santa Rosa que forem se vacinar precisam levar documento com foto, CPF, cart\u00e3o SUS e caderneta de vacina\u00e7\u00e3o.<\/p>\n","protected":false},"excerpt":{"rendered":"<p>Santa Rosa est\u00e1 com 3\/4 da popula\u00e7\u00e3o vacinada com primeira dose A Funda\u00e7\u00e3o Municipal de Sa\u00fade de Santa Rosa j\u00e1<\/p>\n","protected":false},"author":3,"featured_media":931,"comment_status":"open","ping_status":"open","sticky":false,"template":"","format":"standard","meta":{"footnotes":""},"categories":[6,4,8],"tags":[],"class_list":["post-930","post","type-post","status-publish","format-standard","has-post-thumbnail","hentry","category-covid-19","category-noticias","category-noticias-fumssar"],"aioseo_notices":[],"_links":{"self":[{"href":"https:\/\/prefeitura.santarosa.rs.gov.br\/index.php?rest_route=\/wp\/v2\/posts\/930","targetHints":{"allow":["GET"]}}],"collection":[{"href":"https:\/\/prefeitura.santarosa.rs.gov.br\/index.php?rest_route=\/wp\/v2\/posts"}],"about":[{"href":"https:\/\/prefeitura.santarosa.rs.gov.br\/index.php?rest_route=\/wp\/v2\/types\/post"}],"author":[{"embeddable":true,"href":"https:\/\/prefeitura.santarosa.rs.gov.br\/index.php?rest_route=\/wp\/v2\/users\/3"}],"replies":[{"embeddable":true,"href":"https:\/\/prefeitura.santarosa.rs.gov.br\/index.php?rest_route=%2Fwp%2Fv2%2Fcomments&post=930"}],"version-history":[{"count":1,"href":"https:\/\/prefeitura.santarosa.rs.gov.br\/index.php?rest_route=\/wp\/v2\/posts\/930\/revisions"}],"predecessor-version":[{"id":932,"href":"https:\/\/prefeitura.santarosa.rs.gov.br\/index.php?rest_route=\/wp\/v2\/posts\/930\/revisions\/932"}],"wp:featuredmedia":[{"embeddable":true,"href":"https:\/\/prefeitura.santarosa.rs.gov.br\/index.php?rest_route=\/wp\/v2\/media\/931"}],"wp:attachment":[{"href":"https:\/\/prefeitura.santarosa.rs.gov.br\/index.php?rest_route=%2Fwp%2Fv2%2Fmedia&parent=930"}],"wp:term":[{"taxonomy":"category","embeddable":true,"href":"https:\/\/prefeitura.santarosa.rs.gov.br\/index.php?rest_route=%2Fwp%2Fv2%2Fcategories&post=930"},{"taxonomy":"post_tag","embeddable":true,"href":"https:\/\/prefeitura.santarosa.rs.gov.br\/index.php?rest_route=%2Fwp%2Fv2%2Ftags&post=930"}],"curies":[{"name":"wp","href":"https:\/\/api.w.org\/{rel}","templated":true}]}}