{"id":9241,"date":"2024-01-16T16:34:51","date_gmt":"2024-01-16T19:34:51","guid":{"rendered":"https:\/\/prefeitura.santarosa.rs.gov.br\/?p=9241"},"modified":"2024-10-07T09:51:55","modified_gmt":"2024-10-07T12:51:55","slug":"alerta-para-a-populacao-preservar-os-espacos-publicos","status":"publish","type":"post","link":"https:\/\/prefeitura.santarosa.rs.gov.br\/?p=9241","title":{"rendered":"<strong>Alerta para a popula\u00e7\u00e3o preservar os espa\u00e7os p\u00fablicos<\/strong><strong><\/strong>"},"content":{"rendered":"\n<figure class=\"wp-block-image size-full\"><img fetchpriority=\"high\" decoding=\"async\" width=\"860\" height=\"645\" src=\"https:\/\/prefeitura.santarosa.rs.gov.br\/wp-content\/uploads\/2024\/01\/Formato-Site-e-Portal-860X645-JPG-2024-01-16T160830.283.jpg\" alt=\"\" class=\"wp-image-9242\" srcset=\"https:\/\/prefeitura.santarosa.rs.gov.br\/wp-content\/uploads\/2024\/01\/Formato-Site-e-Portal-860X645-JPG-2024-01-16T160830.283.jpg 860w, https:\/\/prefeitura.santarosa.rs.gov.br\/wp-content\/uploads\/2024\/01\/Formato-Site-e-Portal-860X645-JPG-2024-01-16T160830.283-300x225.jpg 300w, https:\/\/prefeitura.santarosa.rs.gov.br\/wp-content\/uploads\/2024\/01\/Formato-Site-e-Portal-860X645-JPG-2024-01-16T160830.283-768x576.jpg 768w\" sizes=\"(max-width: 860px) 100vw, 860px\" \/><\/figure>\n\n\n\n<p>Destrui\u00e7\u00e3o e furto em espa\u00e7os p\u00fablicos. V\u00e2ndalos t\u00eam depredado alguns locais no munic\u00edpio. Com tantas obras acontecendo ao mesmo tempo, o Governo Municipal pede a coopera\u00e7\u00e3o da comunidade na preserva\u00e7\u00e3o e conserva\u00e7\u00e3o das pra\u00e7as, parques e espa\u00e7os de lazer e conviv\u00eancia em Santa Rosa. Nesta semana, foi identificado o furto da fia\u00e7\u00e3o el\u00e9trica, cabos e lumin\u00e1rias da Pra\u00e7a da Sulina. Al\u00e9m disso, foram derrubados postes e levados outros materiais que estavam no local.<\/p>\n\n\n\n<p>Esta n\u00e3o \u00e9 a primeira vez que espa\u00e7os p\u00fablicos do munic\u00edpio s\u00e3o depredados. Recentemente, foram plantadas mudas e realizado o ajardinamento na Pra\u00e7a 10 de Agosto. Poucos dias depois, v\u00e1rias destas plantas j\u00e1 haviam sido furtadas. A Pra\u00e7a do Cinquenten\u00e1rio e os canteiros centrais da Avenida Am\u00e9rica (Rota das Flores), tamb\u00e9m foram alvos de v\u00e2ndalos. O Prefeito em Exerc\u00edcio, Aldemir Ulrich, ressalta a import\u00e2ncia da popula\u00e7\u00e3o auxiliar na vistoria e manuten\u00e7\u00e3o destes espa\u00e7os, \u201c\u00c9 importante lembrar que o Governo Municipal tem realizado um grande investimento na revitaliza\u00e7\u00e3o dos espa\u00e7os p\u00fablicos. Pedimos para que a comunidade nos auxilie na preserva\u00e7\u00e3o destes locais\u201d.<\/p>\n\n\n\n<p>De acordo com a legisla\u00e7\u00e3o do munic\u00edpio, atos como os de furtar ou causar danos ao patrim\u00f4nio p\u00fablico, s\u00e3o classificados como infra\u00e7\u00e3o, com penalidades previstas em lei, sem preju\u00edzo da responsabiliza\u00e7\u00e3o criminal dos respons\u00e1veis.<\/p>\n","protected":false},"excerpt":{"rendered":"<p>Destrui\u00e7\u00e3o e furto em espa\u00e7os p\u00fablicos. V\u00e2ndalos t\u00eam depredado alguns locais no munic\u00edpio. Com tantas obras acontecendo ao mesmo tempo,<\/p>\n","protected":false},"author":6,"featured_media":9243,"comment_status":"closed","ping_status":"closed","sticky":false,"template":"","format":"standard","meta":{"footnotes":""},"categories":[4,15],"tags":[],"class_list":["post-9241","post","type-post","status-publish","format-standard","has-post-thumbnail","hentry","category-noticias","category-secretaria-municipal-de-comunicacao"],"aioseo_notices":[],"_links":{"self":[{"href":"https:\/\/prefeitura.santarosa.rs.gov.br\/index.php?rest_route=\/wp\/v2\/posts\/9241","targetHints":{"allow":["GET"]}}],"collection":[{"href":"https:\/\/prefeitura.santarosa.rs.gov.br\/index.php?rest_route=\/wp\/v2\/posts"}],"about":[{"href":"https:\/\/prefeitura.santarosa.rs.gov.br\/index.php?rest_route=\/wp\/v2\/types\/post"}],"author":[{"embeddable":true,"href":"https:\/\/prefeitura.santarosa.rs.gov.br\/index.php?rest_route=\/wp\/v2\/users\/6"}],"replies":[{"embeddable":true,"href":"https:\/\/prefeitura.santarosa.rs.gov.br\/index.php?rest_route=%2Fwp%2Fv2%2Fcomments&post=9241"}],"version-history":[{"count":1,"href":"https:\/\/prefeitura.santarosa.rs.gov.br\/index.php?rest_route=\/wp\/v2\/posts\/9241\/revisions"}],"predecessor-version":[{"id":9244,"href":"https:\/\/prefeitura.santarosa.rs.gov.br\/index.php?rest_route=\/wp\/v2\/posts\/9241\/revisions\/9244"}],"wp:featuredmedia":[{"embeddable":true,"href":"https:\/\/prefeitura.santarosa.rs.gov.br\/index.php?rest_route=\/wp\/v2\/media\/9243"}],"wp:attachment":[{"href":"https:\/\/prefeitura.santarosa.rs.gov.br\/index.php?rest_route=%2Fwp%2Fv2%2Fmedia&parent=9241"}],"wp:term":[{"taxonomy":"category","embeddable":true,"href":"https:\/\/prefeitura.santarosa.rs.gov.br\/index.php?rest_route=%2Fwp%2Fv2%2Fcategories&post=9241"},{"taxonomy":"post_tag","embeddable":true,"href":"https:\/\/prefeitura.santarosa.rs.gov.br\/index.php?rest_route=%2Fwp%2Fv2%2Ftags&post=9241"}],"curies":[{"name":"wp","href":"https:\/\/api.w.org\/{rel}","templated":true}]}}