{"id":9237,"date":"2024-01-15T17:22:19","date_gmt":"2024-01-15T20:22:19","guid":{"rendered":"https:\/\/prefeitura.santarosa.rs.gov.br\/?p=9237"},"modified":"2024-10-07T09:51:55","modified_gmt":"2024-10-07T12:51:55","slug":"retrospectiva-unidades-basicas-de-saude-centro-2","status":"publish","type":"post","link":"https:\/\/prefeitura.santarosa.rs.gov.br\/?p=9237","title":{"rendered":"<strong>Retrospectiva Unidades B\u00e1sicas de Sa\u00fade: Centro<\/strong>"},"content":{"rendered":"\n<figure class=\"wp-block-image size-full\"><img fetchpriority=\"high\" decoding=\"async\" width=\"860\" height=\"645\" src=\"https:\/\/prefeitura.santarosa.rs.gov.br\/wp-content\/uploads\/2024\/01\/Formato-Site-e-Portal-860X645-JPG-2024-01-15T171706.903.jpg\" alt=\"\" class=\"wp-image-9238\" srcset=\"https:\/\/prefeitura.santarosa.rs.gov.br\/wp-content\/uploads\/2024\/01\/Formato-Site-e-Portal-860X645-JPG-2024-01-15T171706.903.jpg 860w, https:\/\/prefeitura.santarosa.rs.gov.br\/wp-content\/uploads\/2024\/01\/Formato-Site-e-Portal-860X645-JPG-2024-01-15T171706.903-300x225.jpg 300w, https:\/\/prefeitura.santarosa.rs.gov.br\/wp-content\/uploads\/2024\/01\/Formato-Site-e-Portal-860X645-JPG-2024-01-15T171706.903-768x576.jpg 768w\" sizes=\"(max-width: 860px) 100vw, 860px\" \/><\/figure>\n\n\n\n<p>O Governo Municipal apresenta nesta segunda-feira (15), os dados do trabalho realizado pela equipe da Unidade B\u00e1sica de Sa\u00fade do Centro de Santa Rosa. Esta \u00e9 uma das 18 UBSs que comp\u00f5em o servi\u00e7o da Aten\u00e7\u00e3o B\u00e1sica da FUMSSAR. No ano que passou, cerca de 80 mil procedimentos foram realizados. Um dos destaques de 2023, foi a implementa\u00e7\u00e3o do 3\u00ba Turno na unidade, que na \u00e9poca foi o 5\u00ba posto de sa\u00fade a oferecer o atendimento ampliado no munic\u00edpio.<\/p>\n\n\n\n<p>De janeiro a dezembro, foram realizados pela equipe multiprofissional que atua na UBS Centro, 79.692 procedimentos. Destes, 9.508 foram com o profissional m\u00e9dico, al\u00e9m dos demais atendimentos, de enfermagem, odontol\u00f3gicos, com psic\u00f3loga, fonoaudi\u00f3loga, nutricionista, assistente social e educadora f\u00edsica. Foram realizadas tamb\u00e9m, mais de 3.546 visitas pelos Agentes Comunit\u00e1rios de Sa\u00fade. No 3\u00ba turno, desde a implementa\u00e7\u00e3o do atendimento \u00e0 noite, em junho de 2023 at\u00e9 o encerramento do ano, mais de 1.120 pacientes foram atendidos.<\/p>\n\n\n\n<p>Al\u00e9m disso, diversas a\u00e7\u00f5es e projetos foram desenvolvidos na unidade, como os grupos de gestantes, tabagistas, ostomia, terapia comunit\u00e1ria, rodas de conversa, grupo de alongamento e educa\u00e7\u00e3o f\u00edsica, atividades e palestras em datas comemorativas, a\u00e7\u00f5es do Programa Sa\u00fade na Escola &#8211; PSE e o rastreio de pacientes diab\u00e9ticos. A Coordenadora da UBS do Centro, Jacinta In\u00eas Lundin, ressaltou as atividades que aconteceram durante o ano, \u201cConseguimos realizar um trabalho com diversas a\u00e7\u00f5es diferenciadas para a popula\u00e7\u00e3o, inclusive com a disponibilidade do atendimento no terceiro turno. Pretendemos em 2024, continuar com nossas atividades em prol da sa\u00fade p\u00fablica, sempre com empenho e dedica\u00e7\u00e3o. Meu agradecimento \u00e0 equipe pelo comprometimento com o cuidado integral ao usu\u00e1rio e cidad\u00e3o\u201d.<\/p>\n\n\n\n<p>&nbsp;A UBS do Centro foi inaugurada em agosto de 1975. A equipe \u00e9 respons\u00e1vel pelo atendimento de 6.765 pessoas (2.851 homens e 3.914 mulheres). O Presidente da FUMSSAR, D\u00e9lcio Stefan, destacou que o munic\u00edpio conta com uma sa\u00fade p\u00fablica de qualidade, \u201cTemos excelentes profissionais trabalhando diariamente no cuidado integral dos cidad\u00e3os. Santa Rosa tem avan\u00e7ado com a implementa\u00e7\u00e3o de diversos servi\u00e7os e na amplia\u00e7\u00e3o do atendimento para a popula\u00e7\u00e3o\u201d. Fazem parte da \u00e1rea de abrang\u00eancia da unidade, 59 ruas, 11 travessas e 10 avenidas do Centro de Santa Rosa.<\/p>\n","protected":false},"excerpt":{"rendered":"<p>O Governo Municipal apresenta nesta segunda-feira (15), os dados do trabalho realizado pela equipe da Unidade B\u00e1sica de Sa\u00fade do<\/p>\n","protected":false},"author":6,"featured_media":9239,"comment_status":"closed","ping_status":"closed","sticky":false,"template":"","format":"standard","meta":{"footnotes":""},"categories":[4,8],"tags":[],"class_list":["post-9237","post","type-post","status-publish","format-standard","has-post-thumbnail","hentry","category-noticias","category-noticias-fumssar"],"aioseo_notices":[],"_links":{"self":[{"href":"https:\/\/prefeitura.santarosa.rs.gov.br\/index.php?rest_route=\/wp\/v2\/posts\/9237","targetHints":{"allow":["GET"]}}],"collection":[{"href":"https:\/\/prefeitura.santarosa.rs.gov.br\/index.php?rest_route=\/wp\/v2\/posts"}],"about":[{"href":"https:\/\/prefeitura.santarosa.rs.gov.br\/index.php?rest_route=\/wp\/v2\/types\/post"}],"author":[{"embeddable":true,"href":"https:\/\/prefeitura.santarosa.rs.gov.br\/index.php?rest_route=\/wp\/v2\/users\/6"}],"replies":[{"embeddable":true,"href":"https:\/\/prefeitura.santarosa.rs.gov.br\/index.php?rest_route=%2Fwp%2Fv2%2Fcomments&post=9237"}],"version-history":[{"count":1,"href":"https:\/\/prefeitura.santarosa.rs.gov.br\/index.php?rest_route=\/wp\/v2\/posts\/9237\/revisions"}],"predecessor-version":[{"id":9240,"href":"https:\/\/prefeitura.santarosa.rs.gov.br\/index.php?rest_route=\/wp\/v2\/posts\/9237\/revisions\/9240"}],"wp:featuredmedia":[{"embeddable":true,"href":"https:\/\/prefeitura.santarosa.rs.gov.br\/index.php?rest_route=\/wp\/v2\/media\/9239"}],"wp:attachment":[{"href":"https:\/\/prefeitura.santarosa.rs.gov.br\/index.php?rest_route=%2Fwp%2Fv2%2Fmedia&parent=9237"}],"wp:term":[{"taxonomy":"category","embeddable":true,"href":"https:\/\/prefeitura.santarosa.rs.gov.br\/index.php?rest_route=%2Fwp%2Fv2%2Fcategories&post=9237"},{"taxonomy":"post_tag","embeddable":true,"href":"https:\/\/prefeitura.santarosa.rs.gov.br\/index.php?rest_route=%2Fwp%2Fv2%2Ftags&post=9237"}],"curies":[{"name":"wp","href":"https:\/\/api.w.org\/{rel}","templated":true}]}}