{"id":9197,"date":"2024-01-10T11:08:25","date_gmt":"2024-01-10T14:08:25","guid":{"rendered":"https:\/\/prefeitura.santarosa.rs.gov.br\/?p=9197"},"modified":"2024-10-07T09:51:55","modified_gmt":"2024-10-07T12:51:55","slug":"retrospectiva-secretaria-de-governanca-e-gestao","status":"publish","type":"post","link":"https:\/\/prefeitura.santarosa.rs.gov.br\/?p=9197","title":{"rendered":"Retrospectiva Secretaria de Governan\u00e7a e Gest\u00e3o"},"content":{"rendered":"\n<figure class=\"wp-block-image size-full\"><img fetchpriority=\"high\" decoding=\"async\" width=\"860\" height=\"645\" src=\"https:\/\/prefeitura.santarosa.rs.gov.br\/wp-content\/uploads\/2024\/01\/Formato-Site-e-Portal-860X645-JPG-2024-01-10T110540.243.jpg\" alt=\"\" class=\"wp-image-9198\" srcset=\"https:\/\/prefeitura.santarosa.rs.gov.br\/wp-content\/uploads\/2024\/01\/Formato-Site-e-Portal-860X645-JPG-2024-01-10T110540.243.jpg 860w, https:\/\/prefeitura.santarosa.rs.gov.br\/wp-content\/uploads\/2024\/01\/Formato-Site-e-Portal-860X645-JPG-2024-01-10T110540.243-300x225.jpg 300w, https:\/\/prefeitura.santarosa.rs.gov.br\/wp-content\/uploads\/2024\/01\/Formato-Site-e-Portal-860X645-JPG-2024-01-10T110540.243-768x576.jpg 768w\" sizes=\"(max-width: 860px) 100vw, 860px\" \/><\/figure>\n\n\n\n<p><br>O ano que passou para a Secretaria de Governan\u00e7a e Gest\u00e3o foi de muito destaque. A moderniza\u00e7\u00e3o de processos, gerenciamento, planejamento de a\u00e7\u00f5es e pol\u00edticas de integra\u00e7\u00e3o institucionais oportunizaram \u00eaxitos significativos. Com um trabalho realizado em parceria com demais secretarias da Administra\u00e7\u00e3o Municipal o reconhecimento se deu tamb\u00e9m com pr\u00eamios de primeiro lugar no estado em Governan\u00e7a, Efici\u00eancia Fiscal e Transpar\u00eancia, sa\u00fade e bem-estar e no geral no \u00cdndice de Governan\u00e7a Municipal. No pa\u00eds, Santa Rosa ficou entre as 3 melhores.\u00a0<\/p>\n\n\n\n<p><br>A Secretaria coordena o programa de aperfei\u00e7oamento de gest\u00e3o, o qual vem norteando as a\u00e7\u00f5es do governo, atrav\u00e9s do Plano Plurianual e o Planejamento Estrat\u00e9gico. O objetivo principal deste projeto \u00e9 promover uma gest\u00e3o p\u00fablica orientada para resultados, visando contribuir para a qualifica\u00e7\u00e3o dos servi\u00e7os prestados ao cidad\u00e3o, sendo alinhado atrav\u00e9s de ferramentas de gest\u00e3o e melhoria cont\u00ednua nas a\u00e7\u00f5es e servi\u00e7os. Os pontos mais importantes do programa s\u00e3o: atendimento qualificado, humanizado e seguro; Integra\u00e7\u00e3o, controle, seguran\u00e7a jur\u00eddica e padroniza\u00e7\u00e3o dos processos; Gerenciamento eficaz do sistema de gest\u00e3o; Capacita\u00e7\u00e3o e desenvolvimento dos servidores.\u00a0<\/p>\n\n\n\n<p><br>O Projeto Prefeitura Digital est\u00e1 oportunizando agilidade nas solicita\u00e7\u00f5es de servi\u00e7os, n\u00e3o necessitando ser presencial. No ano de 2023 foram desenvolvidos diversos fluxos de processos digitais que consolidam a quantidade de 287 servi\u00e7os dispon\u00edveis de forma online. Para o Secret\u00e1rio Ademir Rosa, os dados de acessos ao portal cidad\u00e3o do munic\u00edpio comprovam a efetividade do projeto, \u201cNo ano de 2023 foram 1.343.544 acessos, sendo que em 2020 havia sido 711.024. Em 3 anos quase duplicamos os acessos. Em 2023 tivemos 489.780 a\u00e7\u00f5es dentro do portal, sendo 74% de aumento em rela\u00e7\u00e3o a 2020\u201d. Ademir ressalta tamb\u00e9m que s\u00f3 em impress\u00f5es a Prefeitura economizou cerca de R$ 300 mil no ano que passou.\u00a0<\/p>\n\n\n\n<p><br>A padroniza\u00e7\u00e3o dos processos e indicadores que vem sendo trabalhados pela Secretaria de Governan\u00e7a e Gest\u00e3o tem possibilitado dar sequ\u00eancia nas a\u00e7\u00f5es de governo de forma estruturada e com padr\u00e3o de atendimento. No trabalho integrado com demais secretarias est\u00e1 o destaque para a Funda\u00e7\u00e3o. Em 2023, foi elaborada e aprovada a Programa\u00e7\u00e3o anual de sa\u00fade para 2024, assim como demais relat\u00f3rios. Tamb\u00e9m foram realizadas capacita\u00e7\u00f5es, encaminhados projetos e propostas de novos servi\u00e7os. Na Educa\u00e7\u00e3o foi implementada a Central de Vagas das EMEIs, assim como demais atividades relacionadas a desburocratiza\u00e7\u00e3o, atrav\u00e9s de legisla\u00e7\u00e3o e monitoramento de a\u00e7\u00f5es do plano de governo. O Secret\u00e1rio Ademir destaca que para 2024 as a\u00e7\u00f5es v\u00e3o seguir sendo realizadas em parceria com todas as secretarias sempre oportunizando a melhoria continua, a transpar\u00eancia e a agilidade no servi\u00e7o prestado ao contribuinte, \u201cAl\u00e9m de todas as atividades que daremos continuidade, temos o foco de implementar a plataforma de indicadores de monitoramento(Business Intelligence), a conclus\u00e3o do trabalho de recadastramento do Cemit\u00e9rio Municipal e demais projetos relacionados aos eixos definidos em nosso planejamento estrat\u00e9gico\u201d.<\/p>\n","protected":false},"excerpt":{"rendered":"<p>O ano que passou para a Secretaria de Governan\u00e7a e Gest\u00e3o foi de muito destaque. A moderniza\u00e7\u00e3o de processos, gerenciamento,<\/p>\n","protected":false},"author":5,"featured_media":9198,"comment_status":"open","ping_status":"open","sticky":false,"template":"","format":"standard","meta":{"footnotes":""},"categories":[4,23],"tags":[],"class_list":["post-9197","post","type-post","status-publish","format-standard","has-post-thumbnail","hentry","category-noticias","category-secretaria-municipal-governanca-gestao"],"aioseo_notices":[],"_links":{"self":[{"href":"https:\/\/prefeitura.santarosa.rs.gov.br\/index.php?rest_route=\/wp\/v2\/posts\/9197","targetHints":{"allow":["GET"]}}],"collection":[{"href":"https:\/\/prefeitura.santarosa.rs.gov.br\/index.php?rest_route=\/wp\/v2\/posts"}],"about":[{"href":"https:\/\/prefeitura.santarosa.rs.gov.br\/index.php?rest_route=\/wp\/v2\/types\/post"}],"author":[{"embeddable":true,"href":"https:\/\/prefeitura.santarosa.rs.gov.br\/index.php?rest_route=\/wp\/v2\/users\/5"}],"replies":[{"embeddable":true,"href":"https:\/\/prefeitura.santarosa.rs.gov.br\/index.php?rest_route=%2Fwp%2Fv2%2Fcomments&post=9197"}],"version-history":[{"count":1,"href":"https:\/\/prefeitura.santarosa.rs.gov.br\/index.php?rest_route=\/wp\/v2\/posts\/9197\/revisions"}],"predecessor-version":[{"id":9199,"href":"https:\/\/prefeitura.santarosa.rs.gov.br\/index.php?rest_route=\/wp\/v2\/posts\/9197\/revisions\/9199"}],"wp:featuredmedia":[{"embeddable":true,"href":"https:\/\/prefeitura.santarosa.rs.gov.br\/index.php?rest_route=\/wp\/v2\/media\/9198"}],"wp:attachment":[{"href":"https:\/\/prefeitura.santarosa.rs.gov.br\/index.php?rest_route=%2Fwp%2Fv2%2Fmedia&parent=9197"}],"wp:term":[{"taxonomy":"category","embeddable":true,"href":"https:\/\/prefeitura.santarosa.rs.gov.br\/index.php?rest_route=%2Fwp%2Fv2%2Fcategories&post=9197"},{"taxonomy":"post_tag","embeddable":true,"href":"https:\/\/prefeitura.santarosa.rs.gov.br\/index.php?rest_route=%2Fwp%2Fv2%2Ftags&post=9197"}],"curies":[{"name":"wp","href":"https:\/\/api.w.org\/{rel}","templated":true}]}}