{"id":9194,"date":"2024-01-10T08:23:22","date_gmt":"2024-01-10T11:23:22","guid":{"rendered":"https:\/\/prefeitura.santarosa.rs.gov.br\/?p=9194"},"modified":"2024-10-07T09:51:55","modified_gmt":"2024-10-07T12:51:55","slug":"retrospectiva-unidades-basicas-de-saude-beatriz-oliveira-2","status":"publish","type":"post","link":"https:\/\/prefeitura.santarosa.rs.gov.br\/?p=9194","title":{"rendered":"Retrospectiva Unidades B\u00e1sicas de Sa\u00fade: Beatriz\/Oliveira"},"content":{"rendered":"\n<figure class=\"wp-block-image size-full\"><img fetchpriority=\"high\" decoding=\"async\" width=\"860\" height=\"645\" src=\"https:\/\/prefeitura.santarosa.rs.gov.br\/wp-content\/uploads\/2024\/01\/Formato-Site-e-Portal-860X645-JPG-2024-01-10T082121.127.jpg\" alt=\"\" class=\"wp-image-9195\" srcset=\"https:\/\/prefeitura.santarosa.rs.gov.br\/wp-content\/uploads\/2024\/01\/Formato-Site-e-Portal-860X645-JPG-2024-01-10T082121.127.jpg 860w, https:\/\/prefeitura.santarosa.rs.gov.br\/wp-content\/uploads\/2024\/01\/Formato-Site-e-Portal-860X645-JPG-2024-01-10T082121.127-300x225.jpg 300w, https:\/\/prefeitura.santarosa.rs.gov.br\/wp-content\/uploads\/2024\/01\/Formato-Site-e-Portal-860X645-JPG-2024-01-10T082121.127-768x576.jpg 768w\" sizes=\"(max-width: 860px) 100vw, 860px\" \/><\/figure>\n\n\n\n<p><br>Com mais de 40 mil procedimentos realizados em 2023, a Unidade B\u00e1sica de Sa\u00fade da Beatriz\/Oliveira realizou um trabalho com diversas a\u00e7\u00f5es de promo\u00e7\u00e3o de sa\u00fade para a popula\u00e7\u00e3o. Constru\u00edda em 1993 e reinaugurada em 2012, a unidade \u00e9 respons\u00e1vel pelo atendimento de 4.808 pessoas (2.230 homens e 2.578 mulheres).<\/p>\n\n\n\n<p><br>Dentre as atividades realizadas, foram destaque: os trabalhos de preven\u00e7\u00e3o e conscientiza\u00e7\u00e3o contra dengue, palestras educativas, grupos de oficina terap\u00eautica e de gin\u00e1stica, orienta\u00e7\u00f5es sobre vacinas e as a\u00e7\u00f5es do Programa Sa\u00fade na Escola \u2013 PSE. De janeiro a dezembro, foram realizados 40.085 procedimentos, sendo: 7.563 com o profissional m\u00e9dico e os demais atendimentos de enfermagem, com nutricionista, educadora f\u00edsica, fonoaudi\u00f3loga e psic\u00f3loga. Al\u00e9m disso, foram realizadas tamb\u00e9m, mais de 7.200 atividades pelos Agentes Comunit\u00e1rios de Sa\u00fade. A Coordenadora da UBS Beatriz\/Oliveira, Denize Maria Wickert, ressaltou as a\u00e7\u00f5es realizadas, \u201cQuero destacar e agradecer o empenho e dedica\u00e7\u00e3o de toda a equipe que sempre atua fazendo o melhor para atender a popula\u00e7\u00e3o. Sempre temos desafios, mas com uni\u00e3o e esfor\u00e7o conseguimos atingir todos os nossos objetivos\u201d.<\/p>\n\n\n\n<p><br>Fazem parte da \u00e1rea de abrang\u00eancia da Unidade B\u00e1sica de Sa\u00fade da Beatriz\/Oliveira, cinco vilas e dois loteamentos: Beatriz, Oliveira, Santos, Banc\u00e1rios, Meinertz, Altamira e Vargas. Para 2024, est\u00e3o previstas a\u00e7\u00f5es voltadas para a sa\u00fade do idoso, da mulher, refor\u00e7o nos grupos de gin\u00e1stica e fortalecimento p\u00e9lvico, da oficina terap\u00eautica, assim como, dar continuidade nas a\u00e7\u00f5es do PSE, de vacina\u00e7\u00e3o e conscientiza\u00e7\u00e3o nas escolas localizadas no territ\u00f3rio da UBS.<\/p>\n","protected":false},"excerpt":{"rendered":"<p>Com mais de 40 mil procedimentos realizados em 2023, a Unidade B\u00e1sica de Sa\u00fade da Beatriz\/Oliveira realizou um trabalho com<\/p>\n","protected":false},"author":5,"featured_media":9195,"comment_status":"open","ping_status":"open","sticky":false,"template":"","format":"standard","meta":{"footnotes":""},"categories":[4,8],"tags":[],"class_list":["post-9194","post","type-post","status-publish","format-standard","has-post-thumbnail","hentry","category-noticias","category-noticias-fumssar"],"aioseo_notices":[],"_links":{"self":[{"href":"https:\/\/prefeitura.santarosa.rs.gov.br\/index.php?rest_route=\/wp\/v2\/posts\/9194","targetHints":{"allow":["GET"]}}],"collection":[{"href":"https:\/\/prefeitura.santarosa.rs.gov.br\/index.php?rest_route=\/wp\/v2\/posts"}],"about":[{"href":"https:\/\/prefeitura.santarosa.rs.gov.br\/index.php?rest_route=\/wp\/v2\/types\/post"}],"author":[{"embeddable":true,"href":"https:\/\/prefeitura.santarosa.rs.gov.br\/index.php?rest_route=\/wp\/v2\/users\/5"}],"replies":[{"embeddable":true,"href":"https:\/\/prefeitura.santarosa.rs.gov.br\/index.php?rest_route=%2Fwp%2Fv2%2Fcomments&post=9194"}],"version-history":[{"count":1,"href":"https:\/\/prefeitura.santarosa.rs.gov.br\/index.php?rest_route=\/wp\/v2\/posts\/9194\/revisions"}],"predecessor-version":[{"id":9196,"href":"https:\/\/prefeitura.santarosa.rs.gov.br\/index.php?rest_route=\/wp\/v2\/posts\/9194\/revisions\/9196"}],"wp:featuredmedia":[{"embeddable":true,"href":"https:\/\/prefeitura.santarosa.rs.gov.br\/index.php?rest_route=\/wp\/v2\/media\/9195"}],"wp:attachment":[{"href":"https:\/\/prefeitura.santarosa.rs.gov.br\/index.php?rest_route=%2Fwp%2Fv2%2Fmedia&parent=9194"}],"wp:term":[{"taxonomy":"category","embeddable":true,"href":"https:\/\/prefeitura.santarosa.rs.gov.br\/index.php?rest_route=%2Fwp%2Fv2%2Fcategories&post=9194"},{"taxonomy":"post_tag","embeddable":true,"href":"https:\/\/prefeitura.santarosa.rs.gov.br\/index.php?rest_route=%2Fwp%2Fv2%2Ftags&post=9194"}],"curies":[{"name":"wp","href":"https:\/\/api.w.org\/{rel}","templated":true}]}}