{"id":9187,"date":"2024-01-09T14:27:56","date_gmt":"2024-01-09T17:27:56","guid":{"rendered":"https:\/\/prefeitura.santarosa.rs.gov.br\/?p=9187"},"modified":"2024-10-07T09:51:55","modified_gmt":"2024-10-07T12:51:55","slug":"reabertura-das-inscricoes-da-lei-paulo-gustavo","status":"publish","type":"post","link":"https:\/\/prefeitura.santarosa.rs.gov.br\/?p=9187","title":{"rendered":"Reabertura das inscri\u00e7\u00f5es da Lei Paulo Gustavo"},"content":{"rendered":"\n<p><\/p>\n\n\n\n<figure class=\"wp-block-image size-full\"><img fetchpriority=\"high\" decoding=\"async\" width=\"860\" height=\"645\" src=\"https:\/\/prefeitura.santarosa.rs.gov.br\/wp-content\/uploads\/2024\/01\/Formato-Site-e-Portal-860X645-JPG-2024-01-09T142533.770.jpg\" alt=\"\" class=\"wp-image-9188\" srcset=\"https:\/\/prefeitura.santarosa.rs.gov.br\/wp-content\/uploads\/2024\/01\/Formato-Site-e-Portal-860X645-JPG-2024-01-09T142533.770.jpg 860w, https:\/\/prefeitura.santarosa.rs.gov.br\/wp-content\/uploads\/2024\/01\/Formato-Site-e-Portal-860X645-JPG-2024-01-09T142533.770-300x225.jpg 300w, https:\/\/prefeitura.santarosa.rs.gov.br\/wp-content\/uploads\/2024\/01\/Formato-Site-e-Portal-860X645-JPG-2024-01-09T142533.770-768x576.jpg 768w\" sizes=\"(max-width: 860px) 100vw, 860px\" \/><\/figure>\n\n\n\n<p>A Prefeitura de Santa Rosa\/RS, atrav\u00e9s do Departamento de Cultura\/SMEC, informa a reabertura das inscri\u00e7\u00f5es da Lei Paulo Gustavo. O prazo vai at\u00e9 o dia 12 de janeiro de 2024 e se refere aos editais de Chamamento P\u00fablico n\u00ba 01\/2023 \u2013 Sele\u00e7\u00e3o de Projetos Culturais de \u00c1udiovisual (ART. 6\u00ba, I, e III), e, Chamamento P\u00fablico n\u00ba 01\/2023 \u2013 Para Linhas de Apoio nas Linguagens Art\u00edsticas e \u00c1reas Culturais (ART. 8\u00ba).<\/p>\n\n\n\n<p>O protocolo de inscri\u00e7\u00e3o pode ser realizado das 7h30min \u00e0s 11h30min e das 13h30min \u00e0s 17h30min, at\u00e9 o dia 12 de janeiro de 2024, em dias de expediente, exclusivamente no Departamento de Cultura, situado na Pra\u00e7a da Bandeira n\u00ba 68, centro.<\/p>\n\n\n\n<p>Os editais e retifica\u00e7\u00f5es est\u00e3o publicados no site da Prefeitura: https:\/\/prefeitura.santarosa.rs.gov.br\/, menu PUBLICA\u00c7\u00d5ES, no \u00edcone \u201cEditais \u2013 Cultura\u201d.<\/p>\n\n\n\n<p>Link direto: https:\/\/santarosa.atende.net\/cidadao\/pagina\/lei-paulo-gustavo\/<\/p>\n","protected":false},"excerpt":{"rendered":"<p>A Prefeitura de Santa Rosa\/RS, atrav\u00e9s do Departamento de Cultura\/SMEC, informa a reabertura das inscri\u00e7\u00f5es da Lei Paulo Gustavo. O<\/p>\n","protected":false},"author":5,"featured_media":9188,"comment_status":"open","ping_status":"open","sticky":false,"template":"","format":"standard","meta":{"footnotes":""},"categories":[4,18],"tags":[],"class_list":["post-9187","post","type-post","status-publish","format-standard","has-post-thumbnail","hentry","category-noticias","category-secretaria-municipal-de-educacao-e-cultura"],"aioseo_notices":[],"_links":{"self":[{"href":"https:\/\/prefeitura.santarosa.rs.gov.br\/index.php?rest_route=\/wp\/v2\/posts\/9187","targetHints":{"allow":["GET"]}}],"collection":[{"href":"https:\/\/prefeitura.santarosa.rs.gov.br\/index.php?rest_route=\/wp\/v2\/posts"}],"about":[{"href":"https:\/\/prefeitura.santarosa.rs.gov.br\/index.php?rest_route=\/wp\/v2\/types\/post"}],"author":[{"embeddable":true,"href":"https:\/\/prefeitura.santarosa.rs.gov.br\/index.php?rest_route=\/wp\/v2\/users\/5"}],"replies":[{"embeddable":true,"href":"https:\/\/prefeitura.santarosa.rs.gov.br\/index.php?rest_route=%2Fwp%2Fv2%2Fcomments&post=9187"}],"version-history":[{"count":1,"href":"https:\/\/prefeitura.santarosa.rs.gov.br\/index.php?rest_route=\/wp\/v2\/posts\/9187\/revisions"}],"predecessor-version":[{"id":9189,"href":"https:\/\/prefeitura.santarosa.rs.gov.br\/index.php?rest_route=\/wp\/v2\/posts\/9187\/revisions\/9189"}],"wp:featuredmedia":[{"embeddable":true,"href":"https:\/\/prefeitura.santarosa.rs.gov.br\/index.php?rest_route=\/wp\/v2\/media\/9188"}],"wp:attachment":[{"href":"https:\/\/prefeitura.santarosa.rs.gov.br\/index.php?rest_route=%2Fwp%2Fv2%2Fmedia&parent=9187"}],"wp:term":[{"taxonomy":"category","embeddable":true,"href":"https:\/\/prefeitura.santarosa.rs.gov.br\/index.php?rest_route=%2Fwp%2Fv2%2Fcategories&post=9187"},{"taxonomy":"post_tag","embeddable":true,"href":"https:\/\/prefeitura.santarosa.rs.gov.br\/index.php?rest_route=%2Fwp%2Fv2%2Ftags&post=9187"}],"curies":[{"name":"wp","href":"https:\/\/api.w.org\/{rel}","templated":true}]}}