{"id":9178,"date":"2024-01-08T15:15:26","date_gmt":"2024-01-08T18:15:26","guid":{"rendered":"https:\/\/prefeitura.santarosa.rs.gov.br\/?p=9178"},"modified":"2024-10-07T09:51:55","modified_gmt":"2024-10-07T12:51:55","slug":"governo-municipal-prepara-mais-acoes-para-evitar-alagamentos","status":"publish","type":"post","link":"https:\/\/prefeitura.santarosa.rs.gov.br\/?p=9178","title":{"rendered":"Governo Municipal prepara mais a\u00e7\u00f5es para evitar alagamentos"},"content":{"rendered":"\n<figure class=\"wp-block-image size-full\"><img fetchpriority=\"high\" decoding=\"async\" width=\"860\" height=\"645\" src=\"https:\/\/prefeitura.santarosa.rs.gov.br\/wp-content\/uploads\/2024\/01\/Formato-Site-e-Portal-860X645-JPG-2024-01-08T151128.181-1.jpg\" alt=\"\" class=\"wp-image-9179\" srcset=\"https:\/\/prefeitura.santarosa.rs.gov.br\/wp-content\/uploads\/2024\/01\/Formato-Site-e-Portal-860X645-JPG-2024-01-08T151128.181-1.jpg 860w, https:\/\/prefeitura.santarosa.rs.gov.br\/wp-content\/uploads\/2024\/01\/Formato-Site-e-Portal-860X645-JPG-2024-01-08T151128.181-1-300x225.jpg 300w, https:\/\/prefeitura.santarosa.rs.gov.br\/wp-content\/uploads\/2024\/01\/Formato-Site-e-Portal-860X645-JPG-2024-01-08T151128.181-1-768x576.jpg 768w\" sizes=\"(max-width: 860px) 100vw, 860px\" \/><\/figure>\n\n\n\n<p><br>Neste in\u00edcio de semana, o Prefeito Aldemir Ulrich, esteve reunido com a Defesa Civil e o Meio Ambiente para tratar de um importante tema: desassoreamento dos rios. Nos \u00faltimos meses, foi realizado um mapeamento georreferenciado sobre os principais pontos de problemas. Este material foi encaminhado agora ao Estado, para solicitar o licenciamento para realizar as obras no rio.\u00a0<\/p>\n\n\n\n<p><br>\u00a0Em 2022, a Prefeitura realizou um importante trabalho de desassoreamento nos rios: Lajeado Paulino, Pessegueiro, Pessegueirinho, Lajeado Figueira e Sanga do In\u00e1cio. Essa a\u00e7\u00e3o preventiva foi fundamental para que mesmo que com todas as chuvas de 2023, nenhuma fam\u00edlia sofresse com alagamento. Em 2021, choveu 1.622 mm, em 2022 foram 1.947mm, e no ano passado foram 2.691mm. <\/p>\n\n\n\n<p>A m\u00e9dia foi bem superior aos \u00faltimos anos, principalmente nos \u00faltimos 3 meses, que chegou a registrar 520mm s\u00f3 em outubro, \u201cEsse \u00e9 um trabalho de preven\u00e7\u00e3o, temos que estar sempre atentos e realizando a\u00e7\u00f5es preventivas para evitar alagamentos. Os resultados est\u00e3o sendo vistos, mesmo com toda a chuva no fim do ano passado, n\u00e3o tivemos nenhum caso de inunda\u00e7\u00e3o. O Governo Municipal est\u00e1 investindo em obras estruturais e de drenagem em Santa Rosa, solucionando o problema de enchentes, que era enfrentado por diversas fam\u00edlias. Nossa preocupa\u00e7\u00e3o est\u00e1 em resolver os problemas e aplicar o dinheiro p\u00fablico em solu\u00e7\u00f5es para a popula\u00e7\u00e3o\u201d, destacou Aldemir.<\/p>\n\n\n\n<p><br>Lixo, terra e o crescimento da vegeta\u00e7\u00e3o nos rios s\u00e3o alguns dos fatores que fazem com que esse trabalho de desassoreamento tenha que ser peri\u00f3dico. A expectativa \u00e9 de que em mar\u00e7o ou abril encerre os tramites legais e comece o trabalho nos rios.<\/p>\n","protected":false},"excerpt":{"rendered":"<p>Neste in\u00edcio de semana, o Prefeito Aldemir Ulrich, esteve reunido com a Defesa Civil e o Meio Ambiente para tratar<\/p>\n","protected":false},"author":5,"featured_media":9179,"comment_status":"open","ping_status":"open","sticky":false,"template":"","format":"standard","meta":{"footnotes":""},"categories":[4,20],"tags":[],"class_list":["post-9178","post","type-post","status-publish","format-standard","has-post-thumbnail","hentry","category-noticias","category-secretaria-municipal-de-meio-ambiente"],"aioseo_notices":[],"_links":{"self":[{"href":"https:\/\/prefeitura.santarosa.rs.gov.br\/index.php?rest_route=\/wp\/v2\/posts\/9178","targetHints":{"allow":["GET"]}}],"collection":[{"href":"https:\/\/prefeitura.santarosa.rs.gov.br\/index.php?rest_route=\/wp\/v2\/posts"}],"about":[{"href":"https:\/\/prefeitura.santarosa.rs.gov.br\/index.php?rest_route=\/wp\/v2\/types\/post"}],"author":[{"embeddable":true,"href":"https:\/\/prefeitura.santarosa.rs.gov.br\/index.php?rest_route=\/wp\/v2\/users\/5"}],"replies":[{"embeddable":true,"href":"https:\/\/prefeitura.santarosa.rs.gov.br\/index.php?rest_route=%2Fwp%2Fv2%2Fcomments&post=9178"}],"version-history":[{"count":1,"href":"https:\/\/prefeitura.santarosa.rs.gov.br\/index.php?rest_route=\/wp\/v2\/posts\/9178\/revisions"}],"predecessor-version":[{"id":9180,"href":"https:\/\/prefeitura.santarosa.rs.gov.br\/index.php?rest_route=\/wp\/v2\/posts\/9178\/revisions\/9180"}],"wp:featuredmedia":[{"embeddable":true,"href":"https:\/\/prefeitura.santarosa.rs.gov.br\/index.php?rest_route=\/wp\/v2\/media\/9179"}],"wp:attachment":[{"href":"https:\/\/prefeitura.santarosa.rs.gov.br\/index.php?rest_route=%2Fwp%2Fv2%2Fmedia&parent=9178"}],"wp:term":[{"taxonomy":"category","embeddable":true,"href":"https:\/\/prefeitura.santarosa.rs.gov.br\/index.php?rest_route=%2Fwp%2Fv2%2Fcategories&post=9178"},{"taxonomy":"post_tag","embeddable":true,"href":"https:\/\/prefeitura.santarosa.rs.gov.br\/index.php?rest_route=%2Fwp%2Fv2%2Ftags&post=9178"}],"curies":[{"name":"wp","href":"https:\/\/api.w.org\/{rel}","templated":true}]}}