{"id":9138,"date":"2024-01-04T10:08:47","date_gmt":"2024-01-04T13:08:47","guid":{"rendered":"https:\/\/prefeitura.santarosa.rs.gov.br\/?p=9138"},"modified":"2024-10-07T09:51:55","modified_gmt":"2024-10-07T12:51:55","slug":"retrospectiva-unidades-basicas-de-saude-auxiliadora-2","status":"publish","type":"post","link":"https:\/\/prefeitura.santarosa.rs.gov.br\/?p=9138","title":{"rendered":"<strong>Retrospectiva Unidades B\u00e1sicas de Sa\u00fade: Auxiliadora<\/strong>"},"content":{"rendered":"\n<figure class=\"wp-block-image size-full\"><img fetchpriority=\"high\" decoding=\"async\" width=\"860\" height=\"645\" src=\"https:\/\/prefeitura.santarosa.rs.gov.br\/wp-content\/uploads\/2024\/01\/Formato-Site-e-Portal-860X645-JPG-2024-01-04T095312.766.jpg\" alt=\"\" class=\"wp-image-9139\" srcset=\"https:\/\/prefeitura.santarosa.rs.gov.br\/wp-content\/uploads\/2024\/01\/Formato-Site-e-Portal-860X645-JPG-2024-01-04T095312.766.jpg 860w, https:\/\/prefeitura.santarosa.rs.gov.br\/wp-content\/uploads\/2024\/01\/Formato-Site-e-Portal-860X645-JPG-2024-01-04T095312.766-300x225.jpg 300w, https:\/\/prefeitura.santarosa.rs.gov.br\/wp-content\/uploads\/2024\/01\/Formato-Site-e-Portal-860X645-JPG-2024-01-04T095312.766-768x576.jpg 768w\" sizes=\"(max-width: 860px) 100vw, 860px\" \/><\/figure>\n\n\n\n<p>Inaugurada em agosto de 2008, a Unidade B\u00e1sica de Sa\u00fade da Auxiliadora faz parte da Rede de Aten\u00e7\u00e3o B\u00e1sica do munic\u00edpio, composta por 18 UBSs que prestam o atendimento de sa\u00fade pela FUMSSAR. Em 2023, a equipe multiprofissional que atua no local realizou mais de 50 mil procedimentos, com destaque para o 3\u00ba turno que teve, de janeiro a dezembro, 1.181 pacientes atendidos.<\/p>\n\n\n\n<p>A Unidade da Auxiliadora \u00e9 uma das 6 que oferecem o atendimento no turno da noite. Esta \u00e9 uma das principais a\u00e7\u00f5es do atual Governo, que oportuniza aos trabalhadores terem acesso aos servi\u00e7os de sa\u00fade ap\u00f3s \u00e0s 18h. Na Auxiliadora, por m\u00eas, cerca de 100 pessoas utilizam o atendimento noturno. O Presidente da FUMSSAR, D\u00e9lcio Stefan, destaca que o atendimento no 3\u00ba turno possibilita um cuidado integral da popula\u00e7\u00e3o, \u201cConseguimos com esse servi\u00e7o oferecer atendimento para as pessoas que n\u00e3o conseguem acessar os postos de sa\u00fade durante o dia. Assim, possibilitamos que todos tenham um servi\u00e7o de qualidade na preven\u00e7\u00e3o de doen\u00e7as e promo\u00e7\u00e3o da sa\u00fade\u201d.<\/p>\n\n\n\n<p>Durante 2023, a equipe da Auxiliadora realizou 52.110 procedimentos, sendo: 6.371 com o profissional m\u00e9dico e os demais servi\u00e7os: com dentista, nutricionista, psic\u00f3loga, fonoaudi\u00f3loga, educadora f\u00edsica e assistente social. Foram realizados tamb\u00e9m, 195 encontros de grupos, como oficinas terap\u00eauticas e de atividade f\u00edsica. A Coordenadora da UBS Auxiliadora, Ana Claudia Schmidt, ressalta o trabalho realizado pela equipe, &#8220;O ano de 2023 foi de muitos desafios, mas com a uni\u00e3o de todos os profissionais fomos alcan\u00e7ando os objetivos propostos. O trabalho em equipe cria confian\u00e7a entre os colegas, melhora a produtividade e faz com que consigamos atender melhor a popula\u00e7\u00e3o, al\u00e9m de proporcionar o nosso crescimento pessoal e profissional. Que em 2024 possamos continuar com la\u00e7os cada vez mais fortalecidos, o nosso trabalho&#8221;.<\/p>\n\n\n\n<p>A UBS Auxiliadora \u00e9 respons\u00e1vel por prestar o atendimento de sa\u00fade para 3.908 pessoas (1.917 homens e 1.991 mulheres). Fazem parte da \u00e1rea de abrang\u00eancia da unidade, os moradores dos bairros: Auxiliadora, Santa In\u00eas, Bom Retiro, Nova Auxiliadora e Bom Sucesso. Al\u00e9m disso, a unidade atende tamb\u00e9m, as seguintes comunidades do interior: Rinc\u00e3o Hon\u00f3rio, Rinc\u00e3o dos Rolim, Campo da Avia\u00e7\u00e3o, Barragem Hidr\u00e1ulica, Linha S\u00e3o Salvador, Rinc\u00e3o dos Rochas e Rinc\u00e3o dos Souza. A unidade realiza tamb\u00e9m, a\u00e7\u00f5es do Programa de Sa\u00fade na Escola \u2013 PSE e tem \u00e0 disposi\u00e7\u00e3o dos moradores, os grupos de tabagismo, atividade f\u00edsica e oficina terap\u00eautica.<\/p>\n","protected":false},"excerpt":{"rendered":"<p>Inaugurada em agosto de 2008, a Unidade B\u00e1sica de Sa\u00fade da Auxiliadora faz parte da Rede de Aten\u00e7\u00e3o B\u00e1sica do<\/p>\n","protected":false},"author":6,"featured_media":9140,"comment_status":"closed","ping_status":"closed","sticky":false,"template":"","format":"standard","meta":{"footnotes":""},"categories":[4,8],"tags":[],"class_list":["post-9138","post","type-post","status-publish","format-standard","has-post-thumbnail","hentry","category-noticias","category-noticias-fumssar"],"aioseo_notices":[],"_links":{"self":[{"href":"https:\/\/prefeitura.santarosa.rs.gov.br\/index.php?rest_route=\/wp\/v2\/posts\/9138","targetHints":{"allow":["GET"]}}],"collection":[{"href":"https:\/\/prefeitura.santarosa.rs.gov.br\/index.php?rest_route=\/wp\/v2\/posts"}],"about":[{"href":"https:\/\/prefeitura.santarosa.rs.gov.br\/index.php?rest_route=\/wp\/v2\/types\/post"}],"author":[{"embeddable":true,"href":"https:\/\/prefeitura.santarosa.rs.gov.br\/index.php?rest_route=\/wp\/v2\/users\/6"}],"replies":[{"embeddable":true,"href":"https:\/\/prefeitura.santarosa.rs.gov.br\/index.php?rest_route=%2Fwp%2Fv2%2Fcomments&post=9138"}],"version-history":[{"count":1,"href":"https:\/\/prefeitura.santarosa.rs.gov.br\/index.php?rest_route=\/wp\/v2\/posts\/9138\/revisions"}],"predecessor-version":[{"id":9141,"href":"https:\/\/prefeitura.santarosa.rs.gov.br\/index.php?rest_route=\/wp\/v2\/posts\/9138\/revisions\/9141"}],"wp:featuredmedia":[{"embeddable":true,"href":"https:\/\/prefeitura.santarosa.rs.gov.br\/index.php?rest_route=\/wp\/v2\/media\/9140"}],"wp:attachment":[{"href":"https:\/\/prefeitura.santarosa.rs.gov.br\/index.php?rest_route=%2Fwp%2Fv2%2Fmedia&parent=9138"}],"wp:term":[{"taxonomy":"category","embeddable":true,"href":"https:\/\/prefeitura.santarosa.rs.gov.br\/index.php?rest_route=%2Fwp%2Fv2%2Fcategories&post=9138"},{"taxonomy":"post_tag","embeddable":true,"href":"https:\/\/prefeitura.santarosa.rs.gov.br\/index.php?rest_route=%2Fwp%2Fv2%2Ftags&post=9138"}],"curies":[{"name":"wp","href":"https:\/\/api.w.org\/{rel}","templated":true}]}}