{"id":9098,"date":"2024-01-02T14:17:28","date_gmt":"2024-01-02T17:17:28","guid":{"rendered":"https:\/\/prefeitura.santarosa.rs.gov.br\/?p=9098"},"modified":"2024-10-07T09:51:55","modified_gmt":"2024-10-07T12:51:55","slug":"retrospectivas-escolas-municipais-emei-expedicionario-weber","status":"publish","type":"post","link":"https:\/\/prefeitura.santarosa.rs.gov.br\/?p=9098","title":{"rendered":"<strong>Retrospectivas Escolas Municipais: EMEI Expedicion\u00e1rio Weber<\/strong>"},"content":{"rendered":"\n<figure class=\"wp-block-image size-full\"><img fetchpriority=\"high\" decoding=\"async\" width=\"860\" height=\"645\" src=\"https:\/\/prefeitura.santarosa.rs.gov.br\/wp-content\/uploads\/2024\/01\/Formato-Site-e-Portal-860X645-JPG-2024-01-02T141655.445.jpg\" alt=\"\" class=\"wp-image-9099\" srcset=\"https:\/\/prefeitura.santarosa.rs.gov.br\/wp-content\/uploads\/2024\/01\/Formato-Site-e-Portal-860X645-JPG-2024-01-02T141655.445.jpg 860w, https:\/\/prefeitura.santarosa.rs.gov.br\/wp-content\/uploads\/2024\/01\/Formato-Site-e-Portal-860X645-JPG-2024-01-02T141655.445-300x225.jpg 300w, https:\/\/prefeitura.santarosa.rs.gov.br\/wp-content\/uploads\/2024\/01\/Formato-Site-e-Portal-860X645-JPG-2024-01-02T141655.445-768x576.jpg 768w\" sizes=\"(max-width: 860px) 100vw, 860px\" \/><\/figure>\n\n\n\n<p>Em continuidade \u00e0s retrospectivas das Escolas Municipais de Santa Rosa, a prefeitura apresenta nesta ter\u00e7a-feira (02), as a\u00e7\u00f5es realizadas em 2023, pela EMEI Expedicion\u00e1rio Weber. A escola atende 108 alunos (53 meninos e 55 meninas) de 4 anos at\u00e9 5 anos, em 5 turmas de pr\u00e9-escola. Localizada na Vila Santos, a institui\u00e7\u00e3o foi inaugurada em setembro de 2019 e possui 14 servidores que realizam o atendimento aos estudantes.<\/p>\n\n\n\n<p>A equipe da EMEI participou no \u00faltimo ano de diversas atividades, com destaque para as a\u00e7\u00f5es do Programa Sa\u00fade na Escola \u2013 PSE, o Brincando no Parque com mostra de trabalhos dos alunos e a Caminhada de Conscientiza\u00e7\u00e3o do Autismo. A institui\u00e7\u00e3o de ensino possui 02 estudantes autistas que s\u00e3o atendidos atrav\u00e9s do Centro de Atendimento Educacional Especializado \u2013 CAEE. A Diretora da EMEI Expedicion\u00e1rio Weber, Suelen Teixeira de Oliveira, destacou a import\u00e2ncia da parceria entre as fam\u00edlias e a escola, \u201cConclu\u00edmos mais um ano em que a parceria entre a escola e a fam\u00edlia fez toda a diferen\u00e7a para o desenvolvimento dos nossos alunos. Nosso agradecimento \u00e0s fam\u00edlias que n\u00e3o mediram esfor\u00e7os para contribuir de uma forma ou outra com a execu\u00e7\u00e3o e implementa\u00e7\u00e3o dos nossos projetos. Temos muito ainda a construir e avan\u00e7ar e temos certeza que 2024 ser\u00e1 ainda melhor\u201d.<\/p>\n\n\n\n<p>Para 2024, o objetivo da dire\u00e7\u00e3o \u00e9 criar o Ateli\u00ea Escolar Kids, promover a Feira do Conhecimento, entre outras a\u00e7\u00f5es. A Secret\u00e1ria de Educa\u00e7\u00e3o e Cultura, Lires Zimmermann, ressaltou que as escolas da Rede Municipal de Ensino est\u00e3o comprometidas em entregar um ensino de qualidade para todos os alunos, \u201cNossas equipes s\u00e3o altamente qualificadas e passam ao longo do ano por diversos treinamentos e semin\u00e1rios com o objetivo de aperfei\u00e7oar cada vez mais, as t\u00e9cnicas de ensino e aprendizagem\u201d. A EMEI Expedicion\u00e1rio Weber fica localizada na Rua S\u00e3o Leopoldo, n\u00ba 464, na Vila Santos.<\/p>\n","protected":false},"excerpt":{"rendered":"<p>Em continuidade \u00e0s retrospectivas das Escolas Municipais de Santa Rosa, a prefeitura apresenta nesta ter\u00e7a-feira (02), as a\u00e7\u00f5es realizadas em<\/p>\n","protected":false},"author":6,"featured_media":9100,"comment_status":"closed","ping_status":"closed","sticky":false,"template":"","format":"standard","meta":{"footnotes":""},"categories":[4,18],"tags":[],"class_list":["post-9098","post","type-post","status-publish","format-standard","has-post-thumbnail","hentry","category-noticias","category-secretaria-municipal-de-educacao-e-cultura"],"aioseo_notices":[],"_links":{"self":[{"href":"https:\/\/prefeitura.santarosa.rs.gov.br\/index.php?rest_route=\/wp\/v2\/posts\/9098","targetHints":{"allow":["GET"]}}],"collection":[{"href":"https:\/\/prefeitura.santarosa.rs.gov.br\/index.php?rest_route=\/wp\/v2\/posts"}],"about":[{"href":"https:\/\/prefeitura.santarosa.rs.gov.br\/index.php?rest_route=\/wp\/v2\/types\/post"}],"author":[{"embeddable":true,"href":"https:\/\/prefeitura.santarosa.rs.gov.br\/index.php?rest_route=\/wp\/v2\/users\/6"}],"replies":[{"embeddable":true,"href":"https:\/\/prefeitura.santarosa.rs.gov.br\/index.php?rest_route=%2Fwp%2Fv2%2Fcomments&post=9098"}],"version-history":[{"count":1,"href":"https:\/\/prefeitura.santarosa.rs.gov.br\/index.php?rest_route=\/wp\/v2\/posts\/9098\/revisions"}],"predecessor-version":[{"id":9101,"href":"https:\/\/prefeitura.santarosa.rs.gov.br\/index.php?rest_route=\/wp\/v2\/posts\/9098\/revisions\/9101"}],"wp:featuredmedia":[{"embeddable":true,"href":"https:\/\/prefeitura.santarosa.rs.gov.br\/index.php?rest_route=\/wp\/v2\/media\/9100"}],"wp:attachment":[{"href":"https:\/\/prefeitura.santarosa.rs.gov.br\/index.php?rest_route=%2Fwp%2Fv2%2Fmedia&parent=9098"}],"wp:term":[{"taxonomy":"category","embeddable":true,"href":"https:\/\/prefeitura.santarosa.rs.gov.br\/index.php?rest_route=%2Fwp%2Fv2%2Fcategories&post=9098"},{"taxonomy":"post_tag","embeddable":true,"href":"https:\/\/prefeitura.santarosa.rs.gov.br\/index.php?rest_route=%2Fwp%2Fv2%2Ftags&post=9098"}],"curies":[{"name":"wp","href":"https:\/\/api.w.org\/{rel}","templated":true}]}}