{"id":9048,"date":"2023-12-27T09:08:23","date_gmt":"2023-12-27T12:08:23","guid":{"rendered":"https:\/\/prefeitura.santarosa.rs.gov.br\/?p=9048"},"modified":"2024-10-07T09:51:55","modified_gmt":"2024-10-07T12:51:55","slug":"claudio-schmidt-assume-como-prefeito-de-santa-rosa","status":"publish","type":"post","link":"https:\/\/prefeitura.santarosa.rs.gov.br\/?p=9048","title":{"rendered":"<strong>Cl\u00e1udio Schmidt assume como Prefeito de Santa Rosa<\/strong>"},"content":{"rendered":"\n<figure class=\"wp-block-image size-full\"><img fetchpriority=\"high\" decoding=\"async\" width=\"860\" height=\"645\" src=\"https:\/\/prefeitura.santarosa.rs.gov.br\/wp-content\/uploads\/2023\/12\/Formato-Site-e-Portal-860X645-JPG-2023-12-27T085946.532.jpg\" alt=\"\" class=\"wp-image-9049\" srcset=\"https:\/\/prefeitura.santarosa.rs.gov.br\/wp-content\/uploads\/2023\/12\/Formato-Site-e-Portal-860X645-JPG-2023-12-27T085946.532.jpg 860w, https:\/\/prefeitura.santarosa.rs.gov.br\/wp-content\/uploads\/2023\/12\/Formato-Site-e-Portal-860X645-JPG-2023-12-27T085946.532-300x225.jpg 300w, https:\/\/prefeitura.santarosa.rs.gov.br\/wp-content\/uploads\/2023\/12\/Formato-Site-e-Portal-860X645-JPG-2023-12-27T085946.532-768x576.jpg 768w\" sizes=\"(max-width: 860px) 100vw, 860px\" \/><\/figure>\n\n\n\n<p>Na manh\u00e3 desta quarta-feira (27), o Presidente da C\u00e2mara Municipal de Vereadores, Cl\u00e1udio Schmidt, assumiu o cargo de Prefeito de Santa Rosa. Anderson Mantei e Aldemir Ulrich est\u00e3o de f\u00e9rias. At\u00e9 o dia 29 de dezembro, Cl\u00e1udio vai estar \u00e0 frente do Poder Executivo.<\/p>\n\n\n\n<p>Ao passar o comando para Cl\u00e1udio, o Prefeito Anderson Mantei ressaltou o quanto o ano de 2023 foi positivo, \u201cEncerramos este terceiro ano de mandato com muitas a\u00e7\u00f5es realizadas, obras entregues e o sentimento de dever cumprido. Tudo isso s\u00f3 foi poss\u00edvel, pois tivemos o apoio dos vereadores, al\u00e9m do empenho e dedica\u00e7\u00e3o dos servidores que t\u00eam trabalhado muito para que Santa Rosa fique cada vez melhor\u201d. Em seu discurso, Cl\u00e1udio agradeceu a confian\u00e7a e afirmou que vai atuar com muita responsabilidade, dando continuidade aos trabalhos executados pela Administra\u00e7\u00e3o Municipal, \u201cEsse \u00e9 um momento muito especial para mim. Meu objetivo para esses dias \u00e9 contribuir com melhorias para diversas comunidades e para o bem-estar da popula\u00e7\u00e3o santa-rosense\u201d.<\/p>\n\n\n\n<p>Ap\u00f3s o ato de posse, o prefeito se reuniu com representantes de comunidades do interior, os vereadores e secret\u00e1rios e realizou a assinatura de importantes ordens de in\u00edcio. Durante a semana, Cl\u00e1udio vai realizar diversas agendas externas e tamb\u00e9m ir\u00e1 visitar os setores da prefeitura para cumprimentar os servidores.<\/p>\n","protected":false},"excerpt":{"rendered":"<p>Na manh\u00e3 desta quarta-feira (27), o Presidente da C\u00e2mara Municipal de Vereadores, Cl\u00e1udio Schmidt, assumiu o cargo de Prefeito de<\/p>\n","protected":false},"author":6,"featured_media":9050,"comment_status":"closed","ping_status":"closed","sticky":false,"template":"","format":"standard","meta":{"footnotes":""},"categories":[4,3],"tags":[],"class_list":["post-9048","post","type-post","status-publish","format-standard","has-post-thumbnail","hentry","category-noticias","category-gabinete-do-prefeito"],"aioseo_notices":[],"_links":{"self":[{"href":"https:\/\/prefeitura.santarosa.rs.gov.br\/index.php?rest_route=\/wp\/v2\/posts\/9048","targetHints":{"allow":["GET"]}}],"collection":[{"href":"https:\/\/prefeitura.santarosa.rs.gov.br\/index.php?rest_route=\/wp\/v2\/posts"}],"about":[{"href":"https:\/\/prefeitura.santarosa.rs.gov.br\/index.php?rest_route=\/wp\/v2\/types\/post"}],"author":[{"embeddable":true,"href":"https:\/\/prefeitura.santarosa.rs.gov.br\/index.php?rest_route=\/wp\/v2\/users\/6"}],"replies":[{"embeddable":true,"href":"https:\/\/prefeitura.santarosa.rs.gov.br\/index.php?rest_route=%2Fwp%2Fv2%2Fcomments&post=9048"}],"version-history":[{"count":1,"href":"https:\/\/prefeitura.santarosa.rs.gov.br\/index.php?rest_route=\/wp\/v2\/posts\/9048\/revisions"}],"predecessor-version":[{"id":9051,"href":"https:\/\/prefeitura.santarosa.rs.gov.br\/index.php?rest_route=\/wp\/v2\/posts\/9048\/revisions\/9051"}],"wp:featuredmedia":[{"embeddable":true,"href":"https:\/\/prefeitura.santarosa.rs.gov.br\/index.php?rest_route=\/wp\/v2\/media\/9050"}],"wp:attachment":[{"href":"https:\/\/prefeitura.santarosa.rs.gov.br\/index.php?rest_route=%2Fwp%2Fv2%2Fmedia&parent=9048"}],"wp:term":[{"taxonomy":"category","embeddable":true,"href":"https:\/\/prefeitura.santarosa.rs.gov.br\/index.php?rest_route=%2Fwp%2Fv2%2Fcategories&post=9048"},{"taxonomy":"post_tag","embeddable":true,"href":"https:\/\/prefeitura.santarosa.rs.gov.br\/index.php?rest_route=%2Fwp%2Fv2%2Ftags&post=9048"}],"curies":[{"name":"wp","href":"https:\/\/api.w.org\/{rel}","templated":true}]}}