{"id":9014,"date":"2023-12-22T14:22:48","date_gmt":"2023-12-22T17:22:48","guid":{"rendered":"https:\/\/prefeitura.santarosa.rs.gov.br\/?p=9014"},"modified":"2024-10-07T09:51:55","modified_gmt":"2024-10-07T12:51:55","slug":"oficinas-culturais-e-pedagogicas-de-danca-encerram-nesta-sexta-feira","status":"publish","type":"post","link":"https:\/\/prefeitura.santarosa.rs.gov.br\/?p=9014","title":{"rendered":"<strong>Oficinas Culturais e Pedag\u00f3gicas de Dan\u00e7a encerram nesta sexta-feira<\/strong>"},"content":{"rendered":"\n<figure class=\"wp-block-image size-full\"><img fetchpriority=\"high\" decoding=\"async\" width=\"860\" height=\"645\" src=\"https:\/\/prefeitura.santarosa.rs.gov.br\/wp-content\/uploads\/2023\/12\/Formato-Site-e-Portal-860X645-JPG-2023-12-22T142011.959.jpg\" alt=\"\" class=\"wp-image-9015\" srcset=\"https:\/\/prefeitura.santarosa.rs.gov.br\/wp-content\/uploads\/2023\/12\/Formato-Site-e-Portal-860X645-JPG-2023-12-22T142011.959.jpg 860w, https:\/\/prefeitura.santarosa.rs.gov.br\/wp-content\/uploads\/2023\/12\/Formato-Site-e-Portal-860X645-JPG-2023-12-22T142011.959-300x225.jpg 300w, https:\/\/prefeitura.santarosa.rs.gov.br\/wp-content\/uploads\/2023\/12\/Formato-Site-e-Portal-860X645-JPG-2023-12-22T142011.959-768x576.jpg 768w\" sizes=\"(max-width: 860px) 100vw, 860px\" \/><\/figure>\n\n\n\n<p>A Prefeitura de Santa Rosa atrav\u00e9s da Secretaria de Educa\u00e7\u00e3o e Cultura informa a popula\u00e7\u00e3o que as Oficinas Culturais de Dan\u00e7a, encerram as atividades nessa sexta-feira, dia 22 de dezembro. O projeto ser\u00e1 retomado no pr\u00f3ximo ano, no m\u00eas de fevereiro.<\/p>\n\n\n\n<p>As aulas gratuitas, s\u00e3o ofertadas pela Prefeitura atrav\u00e9s do Departamento de Cultura, com a parceria da Academia Drag\u00f5es do Oriente. As aulas acontecem no Centro Cultural Prof. Fioravante Pedrazani, nos turnos da manh\u00e3 e tarde, para os estudantes das escolas p\u00fablicas e privadas, com idade entre 7 a 17 anos.<\/p>\n\n\n\n<p>Vale lembrar que as oficinas acontecem tamb\u00e9m no CEU das Artes, no bairro Cruzeiro, nas Escolas Municipais: Santa Rita, Liminha, Nossa Senhora de F\u00e1tima, Raul Oliveira, Pedro Speroni e Duque de Caxias. Interessados, podem procurar esses locais para mais informa\u00e7\u00f5es.<\/p>\n\n\n\n<p>As inscri\u00e7\u00f5es de novos alunos para dan\u00e7as tradicionalistas\/sal\u00e3o, dan\u00e7as urbanas e bal\u00e9, que acontecem no Centro Cultural, permanecem abertas durante todo o ano. A inscri\u00e7\u00e3o deve ser realizada no Departamento de Cultura, localizado em frente \u00e0 Pra\u00e7a da Bandeira, das 07h30min \u00e0s 11h30min e das 13h30min \u00e0s 17h30min.<\/p>\n\n\n\n<figure class=\"wp-block-gallery columns-3 is-cropped wp-block-gallery-1 is-layout-flex wp-block-gallery-is-layout-flex\"><ul class=\"blocks-gallery-grid\"><li class=\"blocks-gallery-item\"><figure><img decoding=\"async\" width=\"1024\" height=\"682\" src=\"https:\/\/prefeitura.santarosa.rs.gov.br\/wp-content\/uploads\/2023\/12\/WhatsApp-Image-2023-12-20-at-16.47.32-2-1024x682.jpeg\" alt=\"\" data-id=\"9016\" data-full-url=\"https:\/\/prefeitura.santarosa.rs.gov.br\/wp-content\/uploads\/2023\/12\/WhatsApp-Image-2023-12-20-at-16.47.32-2.jpeg\" data-link=\"https:\/\/prefeitura.santarosa.rs.gov.br\/?attachment_id=9016\" class=\"wp-image-9016\" srcset=\"https:\/\/prefeitura.santarosa.rs.gov.br\/wp-content\/uploads\/2023\/12\/WhatsApp-Image-2023-12-20-at-16.47.32-2-1024x682.jpeg 1024w, https:\/\/prefeitura.santarosa.rs.gov.br\/wp-content\/uploads\/2023\/12\/WhatsApp-Image-2023-12-20-at-16.47.32-2-300x200.jpeg 300w, https:\/\/prefeitura.santarosa.rs.gov.br\/wp-content\/uploads\/2023\/12\/WhatsApp-Image-2023-12-20-at-16.47.32-2-768x512.jpeg 768w, https:\/\/prefeitura.santarosa.rs.gov.br\/wp-content\/uploads\/2023\/12\/WhatsApp-Image-2023-12-20-at-16.47.32-2-1536x1023.jpeg 1536w, https:\/\/prefeitura.santarosa.rs.gov.br\/wp-content\/uploads\/2023\/12\/WhatsApp-Image-2023-12-20-at-16.47.32-2.jpeg 1600w\" sizes=\"(max-width: 1024px) 100vw, 1024px\" \/><\/figure><\/li><li class=\"blocks-gallery-item\"><figure><img decoding=\"async\" width=\"1024\" height=\"682\" src=\"https:\/\/prefeitura.santarosa.rs.gov.br\/wp-content\/uploads\/2023\/12\/WhatsApp-Image-2023-12-20-at-16.47.32-1-1024x682.jpeg\" alt=\"\" data-id=\"9017\" data-full-url=\"https:\/\/prefeitura.santarosa.rs.gov.br\/wp-content\/uploads\/2023\/12\/WhatsApp-Image-2023-12-20-at-16.47.32-1.jpeg\" data-link=\"https:\/\/prefeitura.santarosa.rs.gov.br\/?attachment_id=9017\" class=\"wp-image-9017\" srcset=\"https:\/\/prefeitura.santarosa.rs.gov.br\/wp-content\/uploads\/2023\/12\/WhatsApp-Image-2023-12-20-at-16.47.32-1-1024x682.jpeg 1024w, https:\/\/prefeitura.santarosa.rs.gov.br\/wp-content\/uploads\/2023\/12\/WhatsApp-Image-2023-12-20-at-16.47.32-1-300x200.jpeg 300w, https:\/\/prefeitura.santarosa.rs.gov.br\/wp-content\/uploads\/2023\/12\/WhatsApp-Image-2023-12-20-at-16.47.32-1-768x512.jpeg 768w, https:\/\/prefeitura.santarosa.rs.gov.br\/wp-content\/uploads\/2023\/12\/WhatsApp-Image-2023-12-20-at-16.47.32-1-1536x1023.jpeg 1536w, https:\/\/prefeitura.santarosa.rs.gov.br\/wp-content\/uploads\/2023\/12\/WhatsApp-Image-2023-12-20-at-16.47.32-1.jpeg 1600w\" sizes=\"(max-width: 1024px) 100vw, 1024px\" \/><\/figure><\/li><li class=\"blocks-gallery-item\"><figure><img loading=\"lazy\" decoding=\"async\" width=\"1024\" height=\"682\" src=\"https:\/\/prefeitura.santarosa.rs.gov.br\/wp-content\/uploads\/2023\/12\/WhatsApp-Image-2023-12-20-at-16.47.32-1024x682.jpeg\" alt=\"\" data-id=\"9018\" data-full-url=\"https:\/\/prefeitura.santarosa.rs.gov.br\/wp-content\/uploads\/2023\/12\/WhatsApp-Image-2023-12-20-at-16.47.32.jpeg\" data-link=\"https:\/\/prefeitura.santarosa.rs.gov.br\/?attachment_id=9018\" class=\"wp-image-9018\" srcset=\"https:\/\/prefeitura.santarosa.rs.gov.br\/wp-content\/uploads\/2023\/12\/WhatsApp-Image-2023-12-20-at-16.47.32-1024x682.jpeg 1024w, https:\/\/prefeitura.santarosa.rs.gov.br\/wp-content\/uploads\/2023\/12\/WhatsApp-Image-2023-12-20-at-16.47.32-300x200.jpeg 300w, https:\/\/prefeitura.santarosa.rs.gov.br\/wp-content\/uploads\/2023\/12\/WhatsApp-Image-2023-12-20-at-16.47.32-768x512.jpeg 768w, https:\/\/prefeitura.santarosa.rs.gov.br\/wp-content\/uploads\/2023\/12\/WhatsApp-Image-2023-12-20-at-16.47.32-1536x1023.jpeg 1536w, https:\/\/prefeitura.santarosa.rs.gov.br\/wp-content\/uploads\/2023\/12\/WhatsApp-Image-2023-12-20-at-16.47.32.jpeg 1600w\" sizes=\"(max-width: 1024px) 100vw, 1024px\" \/><\/figure><\/li><li class=\"blocks-gallery-item\"><figure><img loading=\"lazy\" decoding=\"async\" width=\"1024\" height=\"682\" src=\"https:\/\/prefeitura.santarosa.rs.gov.br\/wp-content\/uploads\/2023\/12\/WhatsApp-Image-2023-12-20-at-16.43.07-1024x682.jpeg\" alt=\"\" data-id=\"9019\" data-full-url=\"https:\/\/prefeitura.santarosa.rs.gov.br\/wp-content\/uploads\/2023\/12\/WhatsApp-Image-2023-12-20-at-16.43.07.jpeg\" data-link=\"https:\/\/prefeitura.santarosa.rs.gov.br\/?attachment_id=9019\" class=\"wp-image-9019\" srcset=\"https:\/\/prefeitura.santarosa.rs.gov.br\/wp-content\/uploads\/2023\/12\/WhatsApp-Image-2023-12-20-at-16.43.07-1024x682.jpeg 1024w, https:\/\/prefeitura.santarosa.rs.gov.br\/wp-content\/uploads\/2023\/12\/WhatsApp-Image-2023-12-20-at-16.43.07-300x200.jpeg 300w, https:\/\/prefeitura.santarosa.rs.gov.br\/wp-content\/uploads\/2023\/12\/WhatsApp-Image-2023-12-20-at-16.43.07-768x512.jpeg 768w, https:\/\/prefeitura.santarosa.rs.gov.br\/wp-content\/uploads\/2023\/12\/WhatsApp-Image-2023-12-20-at-16.43.07-1536x1023.jpeg 1536w, https:\/\/prefeitura.santarosa.rs.gov.br\/wp-content\/uploads\/2023\/12\/WhatsApp-Image-2023-12-20-at-16.43.07.jpeg 1600w\" sizes=\"(max-width: 1024px) 100vw, 1024px\" \/><\/figure><\/li><\/ul><\/figure>\n","protected":false},"excerpt":{"rendered":"<p>A Prefeitura de Santa Rosa atrav\u00e9s da Secretaria de Educa\u00e7\u00e3o e Cultura informa a popula\u00e7\u00e3o que as Oficinas Culturais de<\/p>\n","protected":false},"author":6,"featured_media":9020,"comment_status":"open","ping_status":"open","sticky":false,"template":"","format":"standard","meta":{"footnotes":""},"categories":[4,18],"tags":[],"class_list":["post-9014","post","type-post","status-publish","format-standard","has-post-thumbnail","hentry","category-noticias","category-secretaria-municipal-de-educacao-e-cultura"],"aioseo_notices":[],"_links":{"self":[{"href":"https:\/\/prefeitura.santarosa.rs.gov.br\/index.php?rest_route=\/wp\/v2\/posts\/9014","targetHints":{"allow":["GET"]}}],"collection":[{"href":"https:\/\/prefeitura.santarosa.rs.gov.br\/index.php?rest_route=\/wp\/v2\/posts"}],"about":[{"href":"https:\/\/prefeitura.santarosa.rs.gov.br\/index.php?rest_route=\/wp\/v2\/types\/post"}],"author":[{"embeddable":true,"href":"https:\/\/prefeitura.santarosa.rs.gov.br\/index.php?rest_route=\/wp\/v2\/users\/6"}],"replies":[{"embeddable":true,"href":"https:\/\/prefeitura.santarosa.rs.gov.br\/index.php?rest_route=%2Fwp%2Fv2%2Fcomments&post=9014"}],"version-history":[{"count":1,"href":"https:\/\/prefeitura.santarosa.rs.gov.br\/index.php?rest_route=\/wp\/v2\/posts\/9014\/revisions"}],"predecessor-version":[{"id":9021,"href":"https:\/\/prefeitura.santarosa.rs.gov.br\/index.php?rest_route=\/wp\/v2\/posts\/9014\/revisions\/9021"}],"wp:featuredmedia":[{"embeddable":true,"href":"https:\/\/prefeitura.santarosa.rs.gov.br\/index.php?rest_route=\/wp\/v2\/media\/9020"}],"wp:attachment":[{"href":"https:\/\/prefeitura.santarosa.rs.gov.br\/index.php?rest_route=%2Fwp%2Fv2%2Fmedia&parent=9014"}],"wp:term":[{"taxonomy":"category","embeddable":true,"href":"https:\/\/prefeitura.santarosa.rs.gov.br\/index.php?rest_route=%2Fwp%2Fv2%2Fcategories&post=9014"},{"taxonomy":"post_tag","embeddable":true,"href":"https:\/\/prefeitura.santarosa.rs.gov.br\/index.php?rest_route=%2Fwp%2Fv2%2Ftags&post=9014"}],"curies":[{"name":"wp","href":"https:\/\/api.w.org\/{rel}","templated":true}]}}