{"id":8988,"date":"2023-12-20T15:18:33","date_gmt":"2023-12-20T18:18:33","guid":{"rendered":"https:\/\/prefeitura.santarosa.rs.gov.br\/?p=8988"},"modified":"2024-10-07T09:52:47","modified_gmt":"2024-10-07T12:52:47","slug":"show-de-natal-com-o-guri-de-uruguaiana-neste-sabado","status":"publish","type":"post","link":"https:\/\/prefeitura.santarosa.rs.gov.br\/?p=8988","title":{"rendered":"<strong>Show de Natal com o Guri de Uruguaiana neste s\u00e1bado<\/strong>"},"content":{"rendered":"\n<figure class=\"wp-block-image size-full\"><img fetchpriority=\"high\" decoding=\"async\" width=\"860\" height=\"645\" src=\"https:\/\/prefeitura.santarosa.rs.gov.br\/wp-content\/uploads\/2023\/12\/Formato-Site-e-Portal-860X645-JPG-2023-12-20T151745.304.jpg\" alt=\"\" class=\"wp-image-8989\" srcset=\"https:\/\/prefeitura.santarosa.rs.gov.br\/wp-content\/uploads\/2023\/12\/Formato-Site-e-Portal-860X645-JPG-2023-12-20T151745.304.jpg 860w, https:\/\/prefeitura.santarosa.rs.gov.br\/wp-content\/uploads\/2023\/12\/Formato-Site-e-Portal-860X645-JPG-2023-12-20T151745.304-300x225.jpg 300w, https:\/\/prefeitura.santarosa.rs.gov.br\/wp-content\/uploads\/2023\/12\/Formato-Site-e-Portal-860X645-JPG-2023-12-20T151745.304-768x576.jpg 768w\" sizes=\"(max-width: 860px) 100vw, 860px\" \/><\/figure>\n\n\n\n<p>A Prefeitura de Santa Rosa e a Fenasoja v\u00e3o promover no pr\u00f3ximo s\u00e1bado (23\/12), \u00e0s 20h, um Show de Natal com o Guri de Uruguaiana. O evento ser\u00e1 gratuito e aberto para toda a comunidade participar. A a\u00e7\u00e3o vai acontecer em frente \u00e0 Pra\u00e7a da Bandeira, no palco do Centro Cultural Prof. Fioravante Pedrazzani. A atividade faz parte da programa\u00e7\u00e3o do Natal Encantado Santa Rosa 2023. Traga a sua cadeira e participe!<\/p>\n\n\n\n<p>&#8211; Em caso de chuva, a atra\u00e7\u00e3o ser\u00e1 realizada no Centro C\u00edvico Ant\u00f4nio Carlos Borges.<\/p>\n","protected":false},"excerpt":{"rendered":"<p>A Prefeitura de Santa Rosa e a Fenasoja v\u00e3o promover no pr\u00f3ximo s\u00e1bado (23\/12), \u00e0s 20h, um Show de Natal<\/p>\n","protected":false},"author":6,"featured_media":8990,"comment_status":"closed","ping_status":"closed","sticky":false,"template":"","format":"standard","meta":{"footnotes":""},"categories":[4,15],"tags":[],"class_list":["post-8988","post","type-post","status-publish","format-standard","has-post-thumbnail","hentry","category-noticias","category-secretaria-municipal-de-comunicacao"],"aioseo_notices":[],"_links":{"self":[{"href":"https:\/\/prefeitura.santarosa.rs.gov.br\/index.php?rest_route=\/wp\/v2\/posts\/8988","targetHints":{"allow":["GET"]}}],"collection":[{"href":"https:\/\/prefeitura.santarosa.rs.gov.br\/index.php?rest_route=\/wp\/v2\/posts"}],"about":[{"href":"https:\/\/prefeitura.santarosa.rs.gov.br\/index.php?rest_route=\/wp\/v2\/types\/post"}],"author":[{"embeddable":true,"href":"https:\/\/prefeitura.santarosa.rs.gov.br\/index.php?rest_route=\/wp\/v2\/users\/6"}],"replies":[{"embeddable":true,"href":"https:\/\/prefeitura.santarosa.rs.gov.br\/index.php?rest_route=%2Fwp%2Fv2%2Fcomments&post=8988"}],"version-history":[{"count":1,"href":"https:\/\/prefeitura.santarosa.rs.gov.br\/index.php?rest_route=\/wp\/v2\/posts\/8988\/revisions"}],"predecessor-version":[{"id":8991,"href":"https:\/\/prefeitura.santarosa.rs.gov.br\/index.php?rest_route=\/wp\/v2\/posts\/8988\/revisions\/8991"}],"wp:featuredmedia":[{"embeddable":true,"href":"https:\/\/prefeitura.santarosa.rs.gov.br\/index.php?rest_route=\/wp\/v2\/media\/8990"}],"wp:attachment":[{"href":"https:\/\/prefeitura.santarosa.rs.gov.br\/index.php?rest_route=%2Fwp%2Fv2%2Fmedia&parent=8988"}],"wp:term":[{"taxonomy":"category","embeddable":true,"href":"https:\/\/prefeitura.santarosa.rs.gov.br\/index.php?rest_route=%2Fwp%2Fv2%2Fcategories&post=8988"},{"taxonomy":"post_tag","embeddable":true,"href":"https:\/\/prefeitura.santarosa.rs.gov.br\/index.php?rest_route=%2Fwp%2Fv2%2Ftags&post=8988"}],"curies":[{"name":"wp","href":"https:\/\/api.w.org\/{rel}","templated":true}]}}