{"id":8981,"date":"2023-12-20T11:07:30","date_gmt":"2023-12-20T14:07:30","guid":{"rendered":"https:\/\/prefeitura.santarosa.rs.gov.br\/?p=8981"},"modified":"2024-10-07T09:52:47","modified_gmt":"2024-10-07T12:52:47","slug":"secretaria-de-desenvolvimento-social-recebe-doacoes-das-lojas-grazziotin","status":"publish","type":"post","link":"https:\/\/prefeitura.santarosa.rs.gov.br\/?p=8981","title":{"rendered":"<strong>Secretaria de Desenvolvimento Social recebe doa\u00e7\u00f5es das Lojas Grazziotin<\/strong>"},"content":{"rendered":"\n<figure class=\"wp-block-image size-full\"><img fetchpriority=\"high\" decoding=\"async\" width=\"860\" height=\"645\" src=\"https:\/\/prefeitura.santarosa.rs.gov.br\/wp-content\/uploads\/2023\/12\/Formato-Site-e-Portal-860X645-JPG-2023-12-20T090206.800.jpg\" alt=\"\" class=\"wp-image-8982\" srcset=\"https:\/\/prefeitura.santarosa.rs.gov.br\/wp-content\/uploads\/2023\/12\/Formato-Site-e-Portal-860X645-JPG-2023-12-20T090206.800.jpg 860w, https:\/\/prefeitura.santarosa.rs.gov.br\/wp-content\/uploads\/2023\/12\/Formato-Site-e-Portal-860X645-JPG-2023-12-20T090206.800-300x225.jpg 300w, https:\/\/prefeitura.santarosa.rs.gov.br\/wp-content\/uploads\/2023\/12\/Formato-Site-e-Portal-860X645-JPG-2023-12-20T090206.800-768x576.jpg 768w\" sizes=\"(max-width: 860px) 100vw, 860px\" \/><\/figure>\n\n\n\n<p>A Prefeitura atrav\u00e9s da Secretaria de Desenvolvimento Social, recebeu uma importante doa\u00e7\u00e3o das lojas do grupo Grazziotin de Santa Rosa. A empresa entregou para o munic\u00edpio, 250 cestas b\u00e1sicas. Os alimentos v\u00e3o ser encaminhados para as pessoas em situa\u00e7\u00e3o de vulnerabilidade social.<\/p>\n\n\n\n<p>A a\u00e7\u00e3o fez parte do Projeto Compra Solid\u00e1ria promovida pelo Grupo Grazziotin e que tem o objetivo de fortalecer o v\u00ednculo social da empresa nas comunidades onde atua. A Secret\u00e1ria de Desenvolvimento Social, Rita Strasser, agradeceu aos gestores, colaboradores e clientes que contribu\u00edram para que essa doa\u00e7\u00e3o fosse realizada, \u201cEsse ato solid\u00e1rio \u00e9 t\u00e3o especial e importante, pois leva at\u00e9 os lares atrav\u00e9s do alimento, tamb\u00e9m um pouco de amor e de esperan\u00e7a\u201d.<\/p>\n\n\n\n<p>O Projeto Compra Solid\u00e1ria visa reverter parte das vendas da Cia para a aquisi\u00e7\u00e3o de cestas b\u00e1sicas, doadas a entidades de todas as cidades onde o grupo atua atrav\u00e9s de suas redes de lojas, nos tr\u00eas estados do Sul. Nesse \u00faltimo trimestre, 1% das vendas foram destinadas para a compra de alimentos.<\/p>\n","protected":false},"excerpt":{"rendered":"<p>A Prefeitura atrav\u00e9s da Secretaria de Desenvolvimento Social, recebeu uma importante doa\u00e7\u00e3o das lojas do grupo Grazziotin de Santa Rosa.<\/p>\n","protected":false},"author":6,"featured_media":8983,"comment_status":"closed","ping_status":"closed","sticky":false,"template":"","format":"standard","meta":{"footnotes":""},"categories":[4,17],"tags":[],"class_list":["post-8981","post","type-post","status-publish","format-standard","has-post-thumbnail","hentry","category-noticias","category-secretaria-municipal-de-desenvolvimento-social"],"aioseo_notices":[],"_links":{"self":[{"href":"https:\/\/prefeitura.santarosa.rs.gov.br\/index.php?rest_route=\/wp\/v2\/posts\/8981","targetHints":{"allow":["GET"]}}],"collection":[{"href":"https:\/\/prefeitura.santarosa.rs.gov.br\/index.php?rest_route=\/wp\/v2\/posts"}],"about":[{"href":"https:\/\/prefeitura.santarosa.rs.gov.br\/index.php?rest_route=\/wp\/v2\/types\/post"}],"author":[{"embeddable":true,"href":"https:\/\/prefeitura.santarosa.rs.gov.br\/index.php?rest_route=\/wp\/v2\/users\/6"}],"replies":[{"embeddable":true,"href":"https:\/\/prefeitura.santarosa.rs.gov.br\/index.php?rest_route=%2Fwp%2Fv2%2Fcomments&post=8981"}],"version-history":[{"count":1,"href":"https:\/\/prefeitura.santarosa.rs.gov.br\/index.php?rest_route=\/wp\/v2\/posts\/8981\/revisions"}],"predecessor-version":[{"id":8984,"href":"https:\/\/prefeitura.santarosa.rs.gov.br\/index.php?rest_route=\/wp\/v2\/posts\/8981\/revisions\/8984"}],"wp:featuredmedia":[{"embeddable":true,"href":"https:\/\/prefeitura.santarosa.rs.gov.br\/index.php?rest_route=\/wp\/v2\/media\/8983"}],"wp:attachment":[{"href":"https:\/\/prefeitura.santarosa.rs.gov.br\/index.php?rest_route=%2Fwp%2Fv2%2Fmedia&parent=8981"}],"wp:term":[{"taxonomy":"category","embeddable":true,"href":"https:\/\/prefeitura.santarosa.rs.gov.br\/index.php?rest_route=%2Fwp%2Fv2%2Fcategories&post=8981"},{"taxonomy":"post_tag","embeddable":true,"href":"https:\/\/prefeitura.santarosa.rs.gov.br\/index.php?rest_route=%2Fwp%2Fv2%2Ftags&post=8981"}],"curies":[{"name":"wp","href":"https:\/\/api.w.org\/{rel}","templated":true}]}}