{"id":8953,"date":"2023-12-18T15:53:33","date_gmt":"2023-12-18T18:53:33","guid":{"rendered":"https:\/\/prefeitura.santarosa.rs.gov.br\/?p=8953"},"modified":"2024-10-07T09:52:47","modified_gmt":"2024-10-07T12:52:47","slug":"mais-de-r-19-milhao-de-investimentos-no-lajeado-pessegueiro","status":"publish","type":"post","link":"https:\/\/prefeitura.santarosa.rs.gov.br\/?p=8953","title":{"rendered":"<strong>Mais de R$ 1,9 milh\u00e3o de investimentos no Lajeado Pessegueiro<\/strong>"},"content":{"rendered":"\n<figure class=\"wp-block-image size-full\"><img fetchpriority=\"high\" decoding=\"async\" width=\"860\" height=\"645\" src=\"https:\/\/prefeitura.santarosa.rs.gov.br\/wp-content\/uploads\/2023\/12\/Formato-Site-e-Portal-860X645-JPG-2023-12-18T145108.309.jpg\" alt=\"\" class=\"wp-image-8954\" srcset=\"https:\/\/prefeitura.santarosa.rs.gov.br\/wp-content\/uploads\/2023\/12\/Formato-Site-e-Portal-860X645-JPG-2023-12-18T145108.309.jpg 860w, https:\/\/prefeitura.santarosa.rs.gov.br\/wp-content\/uploads\/2023\/12\/Formato-Site-e-Portal-860X645-JPG-2023-12-18T145108.309-300x225.jpg 300w, https:\/\/prefeitura.santarosa.rs.gov.br\/wp-content\/uploads\/2023\/12\/Formato-Site-e-Portal-860X645-JPG-2023-12-18T145108.309-768x576.jpg 768w\" sizes=\"(max-width: 860px) 100vw, 860px\" \/><\/figure>\n\n\n\n<p>O Prefeito Anderson Mantei assinou a ordem de in\u00edcio de novas obras de asfalto para o interior de Santa Rosa. A estrada de acesso para a comunidade do Lajeado Pessegueiro ser\u00e1 contemplada com 1,6 quil\u00f4metros de pavimenta\u00e7\u00e3o asf\u00e1ltica, uma \u00e1rea de 11.667,41 m\u00b2. Mais de R$ 1,9 milh\u00e3o v\u00e3o ser investidos no local.<\/p>\n\n\n\n<p>O projeto contempla al\u00e9m das obras de pavimenta\u00e7\u00e3o, os servi\u00e7os de terraplanagem, drenagem e sinaliza\u00e7\u00e3o. O Prefeito Anderson Mantei destacou que todo o interior est\u00e1 sendo contemplado com obras de infraestrutura, \u201cAs melhorias que estamos fazendo t\u00eam o objetivo principal de facilitar a vida das pessoas e proporcionar mais qualidade de vida. Melhorando as estradas, melhoramos a vida de quem mora na comunidade e de quem transita pelo local\u201d.<\/p>\n\n\n\n<p>O prazo de execu\u00e7\u00e3o da obra \u00e9 de 180 dias corridos, conforme o contrato. Participaram tamb\u00e9m da assinatura da ordem de in\u00edcio, representantes da comunidade, o Vice-Prefeito Aldemir Ulrich, o vereador Cl\u00e1udio Schmidt, o Secret\u00e1rio de Planejamento e Habita\u00e7\u00e3o, Cl\u00e1udio Franke, o Engenheiro Fiscal, Maur\u00edcio Lenz, a Diretora de Capta\u00e7\u00e3o de Recursos, Caliandra Perini e o representante da empresa respons\u00e1vel pela execu\u00e7\u00e3o do servi\u00e7o.<\/p>\n\n\n\n<p>Desde o in\u00edcio de 2021, o Governo Municipal, vem seguindo um cronograma de atendimento \u00e0s comunidades. J\u00e1 s\u00e3o mais de 600 km de estradas recuperadas e mais de 25 pontes revitalizadas. At\u00e9 o momento, todas as 53 comunidades do interior de Santa Rosa foram contempladas com algum tipo de melhoria.<\/p>\n","protected":false},"excerpt":{"rendered":"<p>O Prefeito Anderson Mantei assinou a ordem de in\u00edcio de novas obras de asfalto para o interior de Santa Rosa.<\/p>\n","protected":false},"author":6,"featured_media":8955,"comment_status":"closed","ping_status":"closed","sticky":false,"template":"","format":"standard","meta":{"footnotes":""},"categories":[4,14],"tags":[],"class_list":["post-8953","post","type-post","status-publish","format-standard","has-post-thumbnail","hentry","category-noticias","category-secretaria-municipal-de-agricultura"],"aioseo_notices":[],"_links":{"self":[{"href":"https:\/\/prefeitura.santarosa.rs.gov.br\/index.php?rest_route=\/wp\/v2\/posts\/8953","targetHints":{"allow":["GET"]}}],"collection":[{"href":"https:\/\/prefeitura.santarosa.rs.gov.br\/index.php?rest_route=\/wp\/v2\/posts"}],"about":[{"href":"https:\/\/prefeitura.santarosa.rs.gov.br\/index.php?rest_route=\/wp\/v2\/types\/post"}],"author":[{"embeddable":true,"href":"https:\/\/prefeitura.santarosa.rs.gov.br\/index.php?rest_route=\/wp\/v2\/users\/6"}],"replies":[{"embeddable":true,"href":"https:\/\/prefeitura.santarosa.rs.gov.br\/index.php?rest_route=%2Fwp%2Fv2%2Fcomments&post=8953"}],"version-history":[{"count":1,"href":"https:\/\/prefeitura.santarosa.rs.gov.br\/index.php?rest_route=\/wp\/v2\/posts\/8953\/revisions"}],"predecessor-version":[{"id":8956,"href":"https:\/\/prefeitura.santarosa.rs.gov.br\/index.php?rest_route=\/wp\/v2\/posts\/8953\/revisions\/8956"}],"wp:featuredmedia":[{"embeddable":true,"href":"https:\/\/prefeitura.santarosa.rs.gov.br\/index.php?rest_route=\/wp\/v2\/media\/8955"}],"wp:attachment":[{"href":"https:\/\/prefeitura.santarosa.rs.gov.br\/index.php?rest_route=%2Fwp%2Fv2%2Fmedia&parent=8953"}],"wp:term":[{"taxonomy":"category","embeddable":true,"href":"https:\/\/prefeitura.santarosa.rs.gov.br\/index.php?rest_route=%2Fwp%2Fv2%2Fcategories&post=8953"},{"taxonomy":"post_tag","embeddable":true,"href":"https:\/\/prefeitura.santarosa.rs.gov.br\/index.php?rest_route=%2Fwp%2Fv2%2Ftags&post=8953"}],"curies":[{"name":"wp","href":"https:\/\/api.w.org\/{rel}","templated":true}]}}