{"id":8912,"date":"2023-12-14T14:58:55","date_gmt":"2023-12-14T17:58:55","guid":{"rendered":"https:\/\/prefeitura.santarosa.rs.gov.br\/?p=8912"},"modified":"2024-10-07T09:52:47","modified_gmt":"2024-10-07T12:52:47","slug":"presidente-da-fumssar-participa-de-importantes-agendas-para-a-area-da-saude","status":"publish","type":"post","link":"https:\/\/prefeitura.santarosa.rs.gov.br\/?p=8912","title":{"rendered":"<strong>Presidente da FUMSSAR participa de importantes agendas para a \u00e1rea da sa\u00fade<\/strong>"},"content":{"rendered":"\n<figure class=\"wp-block-image size-full\"><img fetchpriority=\"high\" decoding=\"async\" width=\"860\" height=\"645\" src=\"https:\/\/prefeitura.santarosa.rs.gov.br\/wp-content\/uploads\/2023\/12\/Formato-Site-e-Portal-860X645-JPG-2023-12-14T104537.991.jpg\" alt=\"\" class=\"wp-image-8913\" srcset=\"https:\/\/prefeitura.santarosa.rs.gov.br\/wp-content\/uploads\/2023\/12\/Formato-Site-e-Portal-860X645-JPG-2023-12-14T104537.991.jpg 860w, https:\/\/prefeitura.santarosa.rs.gov.br\/wp-content\/uploads\/2023\/12\/Formato-Site-e-Portal-860X645-JPG-2023-12-14T104537.991-300x225.jpg 300w, https:\/\/prefeitura.santarosa.rs.gov.br\/wp-content\/uploads\/2023\/12\/Formato-Site-e-Portal-860X645-JPG-2023-12-14T104537.991-768x576.jpg 768w\" sizes=\"(max-width: 860px) 100vw, 860px\" \/><\/figure>\n\n\n\n<p>O Presidente da Funda\u00e7\u00e3o Municipal de Sa\u00fade de Santa Rosa, D\u00e9lcio Stefan, participou nesta semana em Porto Alegre, de reuni\u00f5es importantes para a \u00e1rea da sa\u00fade do munic\u00edpio. Ele esteve presente em um encontro na Secretaria T\u00e9cnica \u2013 SETEC\/RS, no Cosems\/RS e com a Comiss\u00e3o Intergestores Bipartite \u2013 CIB, para tratar de assuntos de ordem administrativa, operacional e de pactua\u00e7\u00e3o de diversos itens da sa\u00fade p\u00fablica do RS.<\/p>\n\n\n\n<p>Nas atividades na Secretaria Estadual de Sa\u00fade, os destaques foram temas da sa\u00fade mental, campanha de cirurgias eletivas e a implementa\u00e7\u00e3o do servi\u00e7o de cardiologia, \u201cEstamos sempre envolvidos com os principais \u00f3rg\u00e3os e institui\u00e7\u00f5es do Governo Estadual para ampliar servi\u00e7os e buscar recursos para Santa Rosa. S\u00e3o momentos muito importantes, onde ficamos conhecendo as experi\u00eancias de outras cidades e apresentamos as a\u00e7\u00f5es que o munic\u00edpio vem realizando na \u00e1rea da sa\u00fade\u201d.<\/p>\n\n\n\n<p>D\u00e9lcio tamb\u00e9m participou do an\u00fancio do novo termo de coopera\u00e7\u00e3o entre o Governo do Estado e o Tribunal de Justi\u00e7a (TJ\/RS), que destinaram recursos para Santa Rosa.<\/p>\n","protected":false},"excerpt":{"rendered":"<p>O Presidente da Funda\u00e7\u00e3o Municipal de Sa\u00fade de Santa Rosa, D\u00e9lcio Stefan, participou nesta semana em Porto Alegre, de reuni\u00f5es<\/p>\n","protected":false},"author":6,"featured_media":8914,"comment_status":"closed","ping_status":"closed","sticky":false,"template":"","format":"standard","meta":{"footnotes":""},"categories":[4,8],"tags":[],"class_list":["post-8912","post","type-post","status-publish","format-standard","has-post-thumbnail","hentry","category-noticias","category-noticias-fumssar"],"aioseo_notices":[],"_links":{"self":[{"href":"https:\/\/prefeitura.santarosa.rs.gov.br\/index.php?rest_route=\/wp\/v2\/posts\/8912","targetHints":{"allow":["GET"]}}],"collection":[{"href":"https:\/\/prefeitura.santarosa.rs.gov.br\/index.php?rest_route=\/wp\/v2\/posts"}],"about":[{"href":"https:\/\/prefeitura.santarosa.rs.gov.br\/index.php?rest_route=\/wp\/v2\/types\/post"}],"author":[{"embeddable":true,"href":"https:\/\/prefeitura.santarosa.rs.gov.br\/index.php?rest_route=\/wp\/v2\/users\/6"}],"replies":[{"embeddable":true,"href":"https:\/\/prefeitura.santarosa.rs.gov.br\/index.php?rest_route=%2Fwp%2Fv2%2Fcomments&post=8912"}],"version-history":[{"count":1,"href":"https:\/\/prefeitura.santarosa.rs.gov.br\/index.php?rest_route=\/wp\/v2\/posts\/8912\/revisions"}],"predecessor-version":[{"id":8915,"href":"https:\/\/prefeitura.santarosa.rs.gov.br\/index.php?rest_route=\/wp\/v2\/posts\/8912\/revisions\/8915"}],"wp:featuredmedia":[{"embeddable":true,"href":"https:\/\/prefeitura.santarosa.rs.gov.br\/index.php?rest_route=\/wp\/v2\/media\/8914"}],"wp:attachment":[{"href":"https:\/\/prefeitura.santarosa.rs.gov.br\/index.php?rest_route=%2Fwp%2Fv2%2Fmedia&parent=8912"}],"wp:term":[{"taxonomy":"category","embeddable":true,"href":"https:\/\/prefeitura.santarosa.rs.gov.br\/index.php?rest_route=%2Fwp%2Fv2%2Fcategories&post=8912"},{"taxonomy":"post_tag","embeddable":true,"href":"https:\/\/prefeitura.santarosa.rs.gov.br\/index.php?rest_route=%2Fwp%2Fv2%2Ftags&post=8912"}],"curies":[{"name":"wp","href":"https:\/\/api.w.org\/{rel}","templated":true}]}}