{"id":887,"date":"2021-09-24T16:18:00","date_gmt":"2021-09-24T19:18:00","guid":{"rendered":"https:\/\/prefeitura.santarosa.rs.gov.br\/?p=887"},"modified":"2024-10-07T09:54:43","modified_gmt":"2024-10-07T12:54:43","slug":"santa-rosa-inicia-hoje-vacinacao-para-pessoas-a-partir-dos-16-anos","status":"publish","type":"post","link":"https:\/\/prefeitura.santarosa.rs.gov.br\/?p=887","title":{"rendered":"Santa Rosa inicia hoje vacina\u00e7\u00e3o para pessoas a partir dos 16 anos"},"content":{"rendered":"\n<p>A aplica\u00e7\u00e3o das doses est\u00e1 sendo feita em todas as Unidades B\u00e1sicas de Sa\u00fade at\u00e9 terminarem os estoques<\/p>\n\n\n\n<p>Santa Rosa recebeu, nesta quinta-feira(23), da Secretaria de Sa\u00fade \u2013 SES\/RS, 6.094 novas doses para Dose Um (D1) e para Dose Dois (D2) da vacina contra a COVID-19. A partir dessa sexta-feira(24), a Funda\u00e7\u00e3o est\u00e1 avan\u00e7ando na vacina\u00e7\u00e3o por faixa et\u00e1ria. Est\u00e3o sendo vacinadas pessoas a partir dos 16 anos. A vacina\u00e7\u00e3o para as pessoas com 16 anos ser\u00e1 realizada com o imunizante da Pfizer, o \u00fanico que pode ser aplicado em menores de 18 anos no Brasil de acordo com a Anvisa.<br><br>A aplica\u00e7\u00e3o das doses est\u00e1 sendo feita em todas as Unidades B\u00e1sicas de Sa\u00fade at\u00e9 terminarem os estoques. O atendimento \u00e9 mediante agendamento pr\u00e9vio por telefone ou presencial. At\u00e9 o momento, j\u00e1 foram realizadas 93.555 vacinas. Do total, 55.392 foram de D1 (Primeira Dose), essa quantidade corresponde a 75,6% da popula\u00e7\u00e3o vacinada, 35.903 de D2 (Segunda Dose) e 2.260 de D.U (Dose \u00fanica), sendo assim temos 38.163 pessoas com a imuniza\u00e7\u00e3o completa, 52% dos santa-rosenses. Os moradores de Santa Rosa que forem se vacinar precisam levar documento com foto, CPF, cart\u00e3o SUS e caderneta de vacina\u00e7\u00e3o.<br><br>Considerando a diminui\u00e7\u00e3o dos casos de COVID-19 no munic\u00edpio, a Funda\u00e7\u00e3o Municipal de Sa\u00fade de Santa Rosa informa que n\u00e3o haver\u00e1 mais a equipe de apoio e monitoramento a partir desta sexta-feira. Os pacientes que necessitarem agendar testes podem entrar em contato atrav\u00e9s dos n\u00fameros: (55) 9.9624-4348 ou (55) 9.9661-2842, no per\u00edodo das 09h30 \u00e0s 11h30 e das 13h30 \u00e0s 17h30 de segunda \u00e0 sexta-feira. A popula\u00e7\u00e3o tamb\u00e9m pode procurar, quando necess\u00e1rio, a Unidade Sentinela do Centro, localizada na Rua Buenos Aires, 40, Centro.<\/p>\n","protected":false},"excerpt":{"rendered":"<p>A aplica\u00e7\u00e3o das doses est\u00e1 sendo feita em todas as Unidades B\u00e1sicas de Sa\u00fade at\u00e9 terminarem os estoques Santa Rosa<\/p>\n","protected":false},"author":3,"featured_media":888,"comment_status":"open","ping_status":"open","sticky":false,"template":"","format":"standard","meta":{"footnotes":""},"categories":[6,4,8],"tags":[],"class_list":["post-887","post","type-post","status-publish","format-standard","has-post-thumbnail","hentry","category-covid-19","category-noticias","category-noticias-fumssar"],"aioseo_notices":[],"_links":{"self":[{"href":"https:\/\/prefeitura.santarosa.rs.gov.br\/index.php?rest_route=\/wp\/v2\/posts\/887","targetHints":{"allow":["GET"]}}],"collection":[{"href":"https:\/\/prefeitura.santarosa.rs.gov.br\/index.php?rest_route=\/wp\/v2\/posts"}],"about":[{"href":"https:\/\/prefeitura.santarosa.rs.gov.br\/index.php?rest_route=\/wp\/v2\/types\/post"}],"author":[{"embeddable":true,"href":"https:\/\/prefeitura.santarosa.rs.gov.br\/index.php?rest_route=\/wp\/v2\/users\/3"}],"replies":[{"embeddable":true,"href":"https:\/\/prefeitura.santarosa.rs.gov.br\/index.php?rest_route=%2Fwp%2Fv2%2Fcomments&post=887"}],"version-history":[{"count":1,"href":"https:\/\/prefeitura.santarosa.rs.gov.br\/index.php?rest_route=\/wp\/v2\/posts\/887\/revisions"}],"predecessor-version":[{"id":889,"href":"https:\/\/prefeitura.santarosa.rs.gov.br\/index.php?rest_route=\/wp\/v2\/posts\/887\/revisions\/889"}],"wp:featuredmedia":[{"embeddable":true,"href":"https:\/\/prefeitura.santarosa.rs.gov.br\/index.php?rest_route=\/wp\/v2\/media\/888"}],"wp:attachment":[{"href":"https:\/\/prefeitura.santarosa.rs.gov.br\/index.php?rest_route=%2Fwp%2Fv2%2Fmedia&parent=887"}],"wp:term":[{"taxonomy":"category","embeddable":true,"href":"https:\/\/prefeitura.santarosa.rs.gov.br\/index.php?rest_route=%2Fwp%2Fv2%2Fcategories&post=887"},{"taxonomy":"post_tag","embeddable":true,"href":"https:\/\/prefeitura.santarosa.rs.gov.br\/index.php?rest_route=%2Fwp%2Fv2%2Ftags&post=887"}],"curies":[{"name":"wp","href":"https:\/\/api.w.org\/{rel}","templated":true}]}}