{"id":8846,"date":"2023-12-05T09:22:41","date_gmt":"2023-12-05T12:22:41","guid":{"rendered":"https:\/\/prefeitura.santarosa.rs.gov.br\/?p=8846"},"modified":"2024-10-07T09:52:47","modified_gmt":"2024-10-07T12:52:47","slug":"prefeitura-adquire-retroescavadeira-para-servicos-no-interior-de-santa-rosa","status":"publish","type":"post","link":"https:\/\/prefeitura.santarosa.rs.gov.br\/?p=8846","title":{"rendered":"<strong>Prefeitura adquire retroescavadeira para servi\u00e7os no interior de Santa Rosa<\/strong>"},"content":{"rendered":"\n<figure class=\"wp-block-image size-full\"><img fetchpriority=\"high\" decoding=\"async\" width=\"860\" height=\"645\" src=\"https:\/\/prefeitura.santarosa.rs.gov.br\/wp-content\/uploads\/2023\/12\/Formato-Site-e-Portal-860X645-JPG-2023-12-05T092019.531.jpg\" alt=\"\" class=\"wp-image-8847\" srcset=\"https:\/\/prefeitura.santarosa.rs.gov.br\/wp-content\/uploads\/2023\/12\/Formato-Site-e-Portal-860X645-JPG-2023-12-05T092019.531.jpg 860w, https:\/\/prefeitura.santarosa.rs.gov.br\/wp-content\/uploads\/2023\/12\/Formato-Site-e-Portal-860X645-JPG-2023-12-05T092019.531-300x225.jpg 300w, https:\/\/prefeitura.santarosa.rs.gov.br\/wp-content\/uploads\/2023\/12\/Formato-Site-e-Portal-860X645-JPG-2023-12-05T092019.531-768x576.jpg 768w\" sizes=\"(max-width: 860px) 100vw, 860px\" \/><\/figure>\n\n\n\n<p>O Prefeito Anderson Mantei realizou nesta segunda-feira (04), a entrega de uma retroescavadeira para a Secretaria de Agricultura. O ato aconteceu em frente \u00e0 Prefeitura de Santa Rosa. A aquisi\u00e7\u00e3o da nova m\u00e1quina tem o objetivo de auxiliar e agilizar os servi\u00e7os no interior do munic\u00edpio.<\/p>\n\n\n\n<p>A nova retroescavadeira \u00e9 da marca Muller, modelo MR406, ano 2023. Possui cabine fechada e certificado Rops\/Fops (estrutura protetora contra capotamento e estrutura com prote\u00e7\u00e3o contra queda de objetos). O Secret\u00e1rio de Agricultura, Paulo Roberto dos Santos, destacou que o novo equipamento vai auxiliar muito na agilidade do atendimento das comunidades do interior, \u201cA Secretaria de Agricultura segue avan\u00e7ando nas obras da \u00e1rea rural de Santa Rosa. A previs\u00e3o para o pr\u00f3ximo ano \u00e9 intensificar as opera\u00e7\u00f5es para atender o maior n\u00famero de propriedades e estradas do munic\u00edpio\u201d.<\/p>\n\n\n\n<p>Ao todo, foram investidos na aquisi\u00e7\u00e3o da retroescavadeira, R$ 484.900,00, sendo R$ 382 mil de emenda do Senador Luis Carlos Heinze e R$ 102.900,00 de contrapartida da prefeitura. Participaram tamb\u00e9m do ato de entrega, Edemar Schonwald, Assessor do Senador Heinze, os secret\u00e1rios, Timirinho (Obras), Lires Zimmermann (Educa\u00e7\u00e3o e Cultura), Maicon Zamboni (Mobilidade Urbana), os vereadores: Vitor de Conti, Kuique, Rubem Breunling, Gilberto Kr\u00fcger, Tenente Amarildo Kaiber, o Diretor Geral da C\u00e2mara de Vereadores de Santa Rosa, Joel Faccin, o Gerente de Obras, Gustavo Foliatti, o Gerente das Vigil\u00e2ncias, Jairo Beal e o representante da empresa contratada.<\/p>\n","protected":false},"excerpt":{"rendered":"<p>O Prefeito Anderson Mantei realizou nesta segunda-feira (04), a entrega de uma retroescavadeira para a Secretaria de Agricultura. O ato<\/p>\n","protected":false},"author":6,"featured_media":8848,"comment_status":"closed","ping_status":"closed","sticky":false,"template":"","format":"standard","meta":{"footnotes":""},"categories":[4,14],"tags":[],"class_list":["post-8846","post","type-post","status-publish","format-standard","has-post-thumbnail","hentry","category-noticias","category-secretaria-municipal-de-agricultura"],"aioseo_notices":[],"_links":{"self":[{"href":"https:\/\/prefeitura.santarosa.rs.gov.br\/index.php?rest_route=\/wp\/v2\/posts\/8846","targetHints":{"allow":["GET"]}}],"collection":[{"href":"https:\/\/prefeitura.santarosa.rs.gov.br\/index.php?rest_route=\/wp\/v2\/posts"}],"about":[{"href":"https:\/\/prefeitura.santarosa.rs.gov.br\/index.php?rest_route=\/wp\/v2\/types\/post"}],"author":[{"embeddable":true,"href":"https:\/\/prefeitura.santarosa.rs.gov.br\/index.php?rest_route=\/wp\/v2\/users\/6"}],"replies":[{"embeddable":true,"href":"https:\/\/prefeitura.santarosa.rs.gov.br\/index.php?rest_route=%2Fwp%2Fv2%2Fcomments&post=8846"}],"version-history":[{"count":1,"href":"https:\/\/prefeitura.santarosa.rs.gov.br\/index.php?rest_route=\/wp\/v2\/posts\/8846\/revisions"}],"predecessor-version":[{"id":8849,"href":"https:\/\/prefeitura.santarosa.rs.gov.br\/index.php?rest_route=\/wp\/v2\/posts\/8846\/revisions\/8849"}],"wp:featuredmedia":[{"embeddable":true,"href":"https:\/\/prefeitura.santarosa.rs.gov.br\/index.php?rest_route=\/wp\/v2\/media\/8848"}],"wp:attachment":[{"href":"https:\/\/prefeitura.santarosa.rs.gov.br\/index.php?rest_route=%2Fwp%2Fv2%2Fmedia&parent=8846"}],"wp:term":[{"taxonomy":"category","embeddable":true,"href":"https:\/\/prefeitura.santarosa.rs.gov.br\/index.php?rest_route=%2Fwp%2Fv2%2Fcategories&post=8846"},{"taxonomy":"post_tag","embeddable":true,"href":"https:\/\/prefeitura.santarosa.rs.gov.br\/index.php?rest_route=%2Fwp%2Fv2%2Ftags&post=8846"}],"curies":[{"name":"wp","href":"https:\/\/api.w.org\/{rel}","templated":true}]}}