{"id":883,"date":"2021-09-24T16:52:00","date_gmt":"2021-09-24T19:52:00","guid":{"rendered":"https:\/\/prefeitura.santarosa.rs.gov.br\/?p=883"},"modified":"2024-10-07T09:54:43","modified_gmt":"2024-10-07T12:54:43","slug":"formatura-proerd-2","status":"publish","type":"post","link":"https:\/\/prefeitura.santarosa.rs.gov.br\/?p=883","title":{"rendered":"Formatura PROERD"},"content":{"rendered":"\n<p>A Formatura na EMEF Nossa Senhora de F\u00e1tima no Bairro Sulina contou com uma premia\u00e7\u00e3o especial para a aluna Emanuely Ribeiro Zmijewski do 5\u00b0 Ano B da EMEF.<\/p>\n\n\n\n<p>Mais uma formatura do PROERD foi realizada em Santa Rosa. O ato ocorreu, nesta semana, na EMEF Nossa Senhora de F\u00e1tima no Bairro Sulina. O evento contou com a entrega de diplomas e premia\u00e7\u00f5es para os alunos destaque.<\/p>\n\n\n\n<p>O PROERD \u00e9 um Programa de Educa\u00e7\u00e3o e Resist\u00eancia as Drogas e a Viol\u00eancia. O curso \u00e9 ministrado pela Brigada Militar e tem como objetivo orientar e prevenir as crian\u00e7as e pais para o n\u00e3o uso de \u00e1lcool e drogas. Segundo o vice-prefeito Aldemir Ulrich, esse programa \u00e9 um exemplo, \u201cAgradecemos todos os envolvidos, pois sabemos da import\u00e2ncia do PROERD para a comunidade e o quanto ele j\u00e1 mudou a vida de crian\u00e7as, jovens e de seus familiares\u201d.<\/p>\n\n\n\n<p>A Formatura na EMEF Nossa Senhora de F\u00e1tima no Bairro Sulina contou com uma premia\u00e7\u00e3o especial para a aluna Emanuely Ribeiro Zmijewski do 5\u00b0 Ano B da EMEF. A reda\u00e7\u00e3o dela foi escolhida como a melhor em um concurso. Emanuely ganhou uma bicicleta como reconhecimento. O tema do trabalho foi: \u201cA import\u00e2ncia de realizar a escolha certa na vida, avaliando o Sim e o N\u00e3o\u201d. As aulas do PROERD foram ministradas por instrutores e um capit\u00e3o da Brigada Militar. Fazem parte do programa de aulas os Sargentos Dorzelaine Car\u00e9, Joelson R\u00e9gis Backes, Loila Maria Camargo e Soldados Jarbas de Lima e Maria Izabel Vogel.<\/p>\n","protected":false},"excerpt":{"rendered":"<p>A Formatura na EMEF Nossa Senhora de F\u00e1tima no Bairro Sulina contou com uma premia\u00e7\u00e3o especial para a aluna Emanuely<\/p>\n","protected":false},"author":3,"featured_media":884,"comment_status":"open","ping_status":"open","sticky":false,"template":"","format":"standard","meta":{"footnotes":""},"categories":[4,18],"tags":[],"class_list":["post-883","post","type-post","status-publish","format-standard","has-post-thumbnail","hentry","category-noticias","category-secretaria-municipal-de-educacao-e-cultura"],"aioseo_notices":[],"_links":{"self":[{"href":"https:\/\/prefeitura.santarosa.rs.gov.br\/index.php?rest_route=\/wp\/v2\/posts\/883","targetHints":{"allow":["GET"]}}],"collection":[{"href":"https:\/\/prefeitura.santarosa.rs.gov.br\/index.php?rest_route=\/wp\/v2\/posts"}],"about":[{"href":"https:\/\/prefeitura.santarosa.rs.gov.br\/index.php?rest_route=\/wp\/v2\/types\/post"}],"author":[{"embeddable":true,"href":"https:\/\/prefeitura.santarosa.rs.gov.br\/index.php?rest_route=\/wp\/v2\/users\/3"}],"replies":[{"embeddable":true,"href":"https:\/\/prefeitura.santarosa.rs.gov.br\/index.php?rest_route=%2Fwp%2Fv2%2Fcomments&post=883"}],"version-history":[{"count":1,"href":"https:\/\/prefeitura.santarosa.rs.gov.br\/index.php?rest_route=\/wp\/v2\/posts\/883\/revisions"}],"predecessor-version":[{"id":885,"href":"https:\/\/prefeitura.santarosa.rs.gov.br\/index.php?rest_route=\/wp\/v2\/posts\/883\/revisions\/885"}],"wp:featuredmedia":[{"embeddable":true,"href":"https:\/\/prefeitura.santarosa.rs.gov.br\/index.php?rest_route=\/wp\/v2\/media\/884"}],"wp:attachment":[{"href":"https:\/\/prefeitura.santarosa.rs.gov.br\/index.php?rest_route=%2Fwp%2Fv2%2Fmedia&parent=883"}],"wp:term":[{"taxonomy":"category","embeddable":true,"href":"https:\/\/prefeitura.santarosa.rs.gov.br\/index.php?rest_route=%2Fwp%2Fv2%2Fcategories&post=883"},{"taxonomy":"post_tag","embeddable":true,"href":"https:\/\/prefeitura.santarosa.rs.gov.br\/index.php?rest_route=%2Fwp%2Fv2%2Ftags&post=883"}],"curies":[{"name":"wp","href":"https:\/\/api.w.org\/{rel}","templated":true}]}}