{"id":8813,"date":"2023-11-30T17:19:57","date_gmt":"2023-11-30T20:19:57","guid":{"rendered":"https:\/\/prefeitura.santarosa.rs.gov.br\/?p=8813"},"modified":"2024-10-07T09:52:47","modified_gmt":"2024-10-07T12:52:47","slug":"tarifa-do-transporte-coletivo-urbano-sera-de-r-475-a-partir-desta-sexta-feira","status":"publish","type":"post","link":"https:\/\/prefeitura.santarosa.rs.gov.br\/?p=8813","title":{"rendered":"<strong>Tarifa do Transporte Coletivo Urbano ser\u00e1 de R$ 4,75 a partir desta sexta-feira<\/strong>"},"content":{"rendered":"\n<figure class=\"wp-block-image size-full\"><img fetchpriority=\"high\" decoding=\"async\" width=\"860\" height=\"645\" src=\"https:\/\/prefeitura.santarosa.rs.gov.br\/wp-content\/uploads\/2023\/11\/Formato-Site-e-Portal-860X645-JPG-2023-11-30T171835.779.jpg\" alt=\"\" class=\"wp-image-8814\" srcset=\"https:\/\/prefeitura.santarosa.rs.gov.br\/wp-content\/uploads\/2023\/11\/Formato-Site-e-Portal-860X645-JPG-2023-11-30T171835.779.jpg 860w, https:\/\/prefeitura.santarosa.rs.gov.br\/wp-content\/uploads\/2023\/11\/Formato-Site-e-Portal-860X645-JPG-2023-11-30T171835.779-300x225.jpg 300w, https:\/\/prefeitura.santarosa.rs.gov.br\/wp-content\/uploads\/2023\/11\/Formato-Site-e-Portal-860X645-JPG-2023-11-30T171835.779-768x576.jpg 768w\" sizes=\"(max-width: 860px) 100vw, 860px\" \/><\/figure>\n\n\n\n<p>Conforme previsto no contrato de concess\u00e3o, a Empresa Toda Hora apresentou pedido de revis\u00e3o tarif\u00e1ria na presta\u00e7\u00e3o de transporte coletivo urbano. Os c\u00e1lculos previam a nova tarifa em R$ 5,52. Ap\u00f3s acordo entre o munic\u00edpio e a Toda Hora, o valor ficou fixado em R$ 4,75 conforme disposto no Decreto 174\/2023, publicado no Di\u00e1rio Oficial de segunda-feira. O novo valor passa a vigorar a partir desta sexta-feira (01\/12).<\/p>\n\n\n\n<p>Confira o Decreto 174\/2023:<\/p>\n\n\n\n<p><a href=\"https:\/\/santarosa.atende.net\/diariooficial\/edicao\/314\/texto\/45989\">https:\/\/santarosa.atende.net\/diariooficial\/edicao\/314\/texto\/45989<\/a><\/p>\n","protected":false},"excerpt":{"rendered":"<p>Conforme previsto no contrato de concess\u00e3o, a Empresa Toda Hora apresentou pedido de revis\u00e3o tarif\u00e1ria na presta\u00e7\u00e3o de transporte coletivo<\/p>\n","protected":false},"author":6,"featured_media":8815,"comment_status":"closed","ping_status":"closed","sticky":false,"template":"","format":"standard","meta":{"footnotes":""},"categories":[4,11,15],"tags":[],"class_list":["post-8813","post","type-post","status-publish","format-standard","has-post-thumbnail","hentry","category-noticias","category-procuradoria-geral-do-municipio-pgm","category-secretaria-municipal-de-comunicacao"],"aioseo_notices":[],"_links":{"self":[{"href":"https:\/\/prefeitura.santarosa.rs.gov.br\/index.php?rest_route=\/wp\/v2\/posts\/8813","targetHints":{"allow":["GET"]}}],"collection":[{"href":"https:\/\/prefeitura.santarosa.rs.gov.br\/index.php?rest_route=\/wp\/v2\/posts"}],"about":[{"href":"https:\/\/prefeitura.santarosa.rs.gov.br\/index.php?rest_route=\/wp\/v2\/types\/post"}],"author":[{"embeddable":true,"href":"https:\/\/prefeitura.santarosa.rs.gov.br\/index.php?rest_route=\/wp\/v2\/users\/6"}],"replies":[{"embeddable":true,"href":"https:\/\/prefeitura.santarosa.rs.gov.br\/index.php?rest_route=%2Fwp%2Fv2%2Fcomments&post=8813"}],"version-history":[{"count":1,"href":"https:\/\/prefeitura.santarosa.rs.gov.br\/index.php?rest_route=\/wp\/v2\/posts\/8813\/revisions"}],"predecessor-version":[{"id":8816,"href":"https:\/\/prefeitura.santarosa.rs.gov.br\/index.php?rest_route=\/wp\/v2\/posts\/8813\/revisions\/8816"}],"wp:featuredmedia":[{"embeddable":true,"href":"https:\/\/prefeitura.santarosa.rs.gov.br\/index.php?rest_route=\/wp\/v2\/media\/8815"}],"wp:attachment":[{"href":"https:\/\/prefeitura.santarosa.rs.gov.br\/index.php?rest_route=%2Fwp%2Fv2%2Fmedia&parent=8813"}],"wp:term":[{"taxonomy":"category","embeddable":true,"href":"https:\/\/prefeitura.santarosa.rs.gov.br\/index.php?rest_route=%2Fwp%2Fv2%2Fcategories&post=8813"},{"taxonomy":"post_tag","embeddable":true,"href":"https:\/\/prefeitura.santarosa.rs.gov.br\/index.php?rest_route=%2Fwp%2Fv2%2Ftags&post=8813"}],"curies":[{"name":"wp","href":"https:\/\/api.w.org\/{rel}","templated":true}]}}