{"id":880,"date":"2021-09-29T13:37:00","date_gmt":"2021-09-29T16:37:00","guid":{"rendered":"https:\/\/prefeitura.santarosa.rs.gov.br\/?p=880"},"modified":"2024-10-07T09:54:43","modified_gmt":"2024-10-07T12:54:43","slug":"16a-feira-do-livro-vai-ter-mais-de-20-lancamentos","status":"publish","type":"post","link":"https:\/\/prefeitura.santarosa.rs.gov.br\/?p=880","title":{"rendered":"16\u00aa Feira do Livro vai ter mais de 20 lan\u00e7amentos"},"content":{"rendered":"\n<p>A 16\u00ba Feira do Livro vai acontecer em Santa Rosa de 19 a 23 de outubro de 2021<\/p>\n\n\n\n<p>A 16\u00ba Feira do Livro vai acontecer em Santa Rosa de 19 a 23 de outubro de 2021. A programa j\u00e1 conta com o lan\u00e7amento de 23 novos livros, de v\u00e1rios g\u00eaneros liter\u00e1rios, diferentes abordagens e para todas as faixas et\u00e1rias.<br>Contos, poesia e prosa, humor, narrativa, romance policial, f\u00e1bula, hist\u00f3rico, educa\u00e7\u00e3o, filosofia, religi\u00e3o, teologia, mem\u00f3rias, desenvolvimento pessoal, prote\u00e7\u00e3o ambiental, respeito e diversidade, literatura adulta, infantil e infantojuvenil. Na abertura da 16\u00aa Feria do Livro no dia 19 de outubro, o Patrono Dr. Justino Girardi e a Escritora Homenageada D\u00e9bora Rodrigues far\u00e3o o lan\u00e7amento de seus livros: Facetas da Verdade e Um gato de sorte, respectivamente.<\/p>\n","protected":false},"excerpt":{"rendered":"<p>A 16\u00ba Feira do Livro vai acontecer em Santa Rosa de 19 a 23 de outubro de 2021 A 16\u00ba<\/p>\n","protected":false},"author":3,"featured_media":881,"comment_status":"open","ping_status":"open","sticky":false,"template":"","format":"standard","meta":{"footnotes":""},"categories":[4,18],"tags":[],"class_list":["post-880","post","type-post","status-publish","format-standard","has-post-thumbnail","hentry","category-noticias","category-secretaria-municipal-de-educacao-e-cultura"],"aioseo_notices":[],"_links":{"self":[{"href":"https:\/\/prefeitura.santarosa.rs.gov.br\/index.php?rest_route=\/wp\/v2\/posts\/880","targetHints":{"allow":["GET"]}}],"collection":[{"href":"https:\/\/prefeitura.santarosa.rs.gov.br\/index.php?rest_route=\/wp\/v2\/posts"}],"about":[{"href":"https:\/\/prefeitura.santarosa.rs.gov.br\/index.php?rest_route=\/wp\/v2\/types\/post"}],"author":[{"embeddable":true,"href":"https:\/\/prefeitura.santarosa.rs.gov.br\/index.php?rest_route=\/wp\/v2\/users\/3"}],"replies":[{"embeddable":true,"href":"https:\/\/prefeitura.santarosa.rs.gov.br\/index.php?rest_route=%2Fwp%2Fv2%2Fcomments&post=880"}],"version-history":[{"count":1,"href":"https:\/\/prefeitura.santarosa.rs.gov.br\/index.php?rest_route=\/wp\/v2\/posts\/880\/revisions"}],"predecessor-version":[{"id":882,"href":"https:\/\/prefeitura.santarosa.rs.gov.br\/index.php?rest_route=\/wp\/v2\/posts\/880\/revisions\/882"}],"wp:featuredmedia":[{"embeddable":true,"href":"https:\/\/prefeitura.santarosa.rs.gov.br\/index.php?rest_route=\/wp\/v2\/media\/881"}],"wp:attachment":[{"href":"https:\/\/prefeitura.santarosa.rs.gov.br\/index.php?rest_route=%2Fwp%2Fv2%2Fmedia&parent=880"}],"wp:term":[{"taxonomy":"category","embeddable":true,"href":"https:\/\/prefeitura.santarosa.rs.gov.br\/index.php?rest_route=%2Fwp%2Fv2%2Fcategories&post=880"},{"taxonomy":"post_tag","embeddable":true,"href":"https:\/\/prefeitura.santarosa.rs.gov.br\/index.php?rest_route=%2Fwp%2Fv2%2Ftags&post=880"}],"curies":[{"name":"wp","href":"https:\/\/api.w.org\/{rel}","templated":true}]}}