{"id":8789,"date":"2023-11-29T10:11:27","date_gmt":"2023-11-29T13:11:27","guid":{"rendered":"https:\/\/prefeitura.santarosa.rs.gov.br\/?p=8789"},"modified":"2024-10-07T09:52:48","modified_gmt":"2024-10-07T12:52:48","slug":"prefeitura-antecipa-pagamento-da-2a-parcela-do-13o-salario-dos-servidores-municipais","status":"publish","type":"post","link":"https:\/\/prefeitura.santarosa.rs.gov.br\/?p=8789","title":{"rendered":"<strong>Prefeitura antecipa pagamento da 2\u00aa parcela do 13\u00ba sal\u00e1rio dos servidores municipais<\/strong>"},"content":{"rendered":"\n<figure class=\"wp-block-image size-full\"><img fetchpriority=\"high\" decoding=\"async\" width=\"860\" height=\"645\" src=\"https:\/\/prefeitura.santarosa.rs.gov.br\/wp-content\/uploads\/2023\/11\/prefeitura.jpg\" alt=\"\" class=\"wp-image-8790\" srcset=\"https:\/\/prefeitura.santarosa.rs.gov.br\/wp-content\/uploads\/2023\/11\/prefeitura.jpg 860w, https:\/\/prefeitura.santarosa.rs.gov.br\/wp-content\/uploads\/2023\/11\/prefeitura-300x225.jpg 300w, https:\/\/prefeitura.santarosa.rs.gov.br\/wp-content\/uploads\/2023\/11\/prefeitura-768x576.jpg 768w\" sizes=\"(max-width: 860px) 100vw, 860px\" \/><\/figure>\n\n\n\n<p>A Prefeitura de Santa Rosa anunciou nesta quarta-feira (29), a data do recebimento da segunda parcela do 13\u00ba sal\u00e1rio para os servidores municipais. O pagamento ser\u00e1 realizado no dia 08 de dezembro. A medida beneficia mais de 2.780 servidores, ativos e inativos do munic\u00edpio (Prefeitura, FUMSSAR e Previrosa). O total de repasse da segunda parcela \u00e9 de R$ 9,5 milh\u00f5es.<\/p>\n\n\n\n<p>Em agosto, a prefeitura antecipou o pagamento da primeira parcela do 13\u00ba sal\u00e1rio de 2023. O Governo Municipal tamb\u00e9m anunciou as datas para o pagamento da folha de novembro, que vai ocorrer no dia 30\/11 (quinta-feira) e da folha de dezembro, que vai ser antecipada para o dia 22\/12 (sexta-feira), antes do natal. O Prefeito Anderson Mantei, destacou que a a\u00e7\u00e3o \u00e9 reflexo da boa gest\u00e3o que o munic\u00edpio realiza e que o objetivo \u00e9 valorizar o servidor, al\u00e9m de auxiliar no aquecimento da economia local, \u201cVamos mais um ano antecipar a segunda parcela do 13\u00ba e agora tamb\u00e9m, a folha do m\u00eas de dezembro. Queremos valorizar os servidores que se dedicaram muito e proporcionar que eles tenham esse recurso antes do natal\u201d.<\/p>\n\n\n\n<p>O valor total investido no pagamento do 13\u00ba sal\u00e1rio, primeira e segunda parcela, para os servidores municipais, \u00e9 de R$ 15.258.022,73.<\/p>\n","protected":false},"excerpt":{"rendered":"<p>A Prefeitura de Santa Rosa anunciou nesta quarta-feira (29), a data do recebimento da segunda parcela do 13\u00ba sal\u00e1rio para<\/p>\n","protected":false},"author":6,"featured_media":8791,"comment_status":"closed","ping_status":"closed","sticky":false,"template":"","format":"standard","meta":{"footnotes":""},"categories":[4,8,13,15,3],"tags":[],"class_list":["post-8789","post","type-post","status-publish","format-standard","has-post-thumbnail","hentry","category-noticias","category-noticias-fumssar","category-secretaria-municipal-de-administracao-e-fazenda","category-secretaria-municipal-de-comunicacao","category-gabinete-do-prefeito"],"aioseo_notices":[],"_links":{"self":[{"href":"https:\/\/prefeitura.santarosa.rs.gov.br\/index.php?rest_route=\/wp\/v2\/posts\/8789","targetHints":{"allow":["GET"]}}],"collection":[{"href":"https:\/\/prefeitura.santarosa.rs.gov.br\/index.php?rest_route=\/wp\/v2\/posts"}],"about":[{"href":"https:\/\/prefeitura.santarosa.rs.gov.br\/index.php?rest_route=\/wp\/v2\/types\/post"}],"author":[{"embeddable":true,"href":"https:\/\/prefeitura.santarosa.rs.gov.br\/index.php?rest_route=\/wp\/v2\/users\/6"}],"replies":[{"embeddable":true,"href":"https:\/\/prefeitura.santarosa.rs.gov.br\/index.php?rest_route=%2Fwp%2Fv2%2Fcomments&post=8789"}],"version-history":[{"count":1,"href":"https:\/\/prefeitura.santarosa.rs.gov.br\/index.php?rest_route=\/wp\/v2\/posts\/8789\/revisions"}],"predecessor-version":[{"id":8792,"href":"https:\/\/prefeitura.santarosa.rs.gov.br\/index.php?rest_route=\/wp\/v2\/posts\/8789\/revisions\/8792"}],"wp:featuredmedia":[{"embeddable":true,"href":"https:\/\/prefeitura.santarosa.rs.gov.br\/index.php?rest_route=\/wp\/v2\/media\/8791"}],"wp:attachment":[{"href":"https:\/\/prefeitura.santarosa.rs.gov.br\/index.php?rest_route=%2Fwp%2Fv2%2Fmedia&parent=8789"}],"wp:term":[{"taxonomy":"category","embeddable":true,"href":"https:\/\/prefeitura.santarosa.rs.gov.br\/index.php?rest_route=%2Fwp%2Fv2%2Fcategories&post=8789"},{"taxonomy":"post_tag","embeddable":true,"href":"https:\/\/prefeitura.santarosa.rs.gov.br\/index.php?rest_route=%2Fwp%2Fv2%2Ftags&post=8789"}],"curies":[{"name":"wp","href":"https:\/\/api.w.org\/{rel}","templated":true}]}}