{"id":8785,"date":"2023-11-28T16:58:03","date_gmt":"2023-11-28T19:58:03","guid":{"rendered":"https:\/\/prefeitura.santarosa.rs.gov.br\/?p=8785"},"modified":"2024-10-07T09:52:48","modified_gmt":"2024-10-07T12:52:48","slug":"parcao-tera-servico-digital-para-agendamento-das-quadras-de-esporte","status":"publish","type":"post","link":"https:\/\/prefeitura.santarosa.rs.gov.br\/?p=8785","title":{"rendered":"<strong>Parc\u00e3o ter\u00e1 servi\u00e7o digital para agendamento das quadras de esporte<\/strong>"},"content":{"rendered":"\n<figure class=\"wp-block-image size-full\"><img fetchpriority=\"high\" decoding=\"async\" width=\"860\" height=\"645\" src=\"https:\/\/prefeitura.santarosa.rs.gov.br\/wp-content\/uploads\/2023\/11\/Formato-Site-e-Portal-860X645-JPG-2023-11-28T165113.800.jpg\" alt=\"\" class=\"wp-image-8786\" srcset=\"https:\/\/prefeitura.santarosa.rs.gov.br\/wp-content\/uploads\/2023\/11\/Formato-Site-e-Portal-860X645-JPG-2023-11-28T165113.800.jpg 860w, https:\/\/prefeitura.santarosa.rs.gov.br\/wp-content\/uploads\/2023\/11\/Formato-Site-e-Portal-860X645-JPG-2023-11-28T165113.800-300x225.jpg 300w, https:\/\/prefeitura.santarosa.rs.gov.br\/wp-content\/uploads\/2023\/11\/Formato-Site-e-Portal-860X645-JPG-2023-11-28T165113.800-768x576.jpg 768w\" sizes=\"(max-width: 860px) 100vw, 860px\" \/><\/figure>\n\n\n\n<p>Na reta final das obras de revitaliza\u00e7\u00e3o, a Prefeitura vai entregar para a comunidade um novo Parc\u00e3o, com mais infraestrutura, seguran\u00e7a e novidades para a popula\u00e7\u00e3o. Ap\u00f3s a inaugura\u00e7\u00e3o prevista para ocorrer no m\u00eas de dezembro, os santa-rosenses ter\u00e3o acesso ao servi\u00e7o digital de agendamento online das quadras de esporte. Uma a\u00e7\u00e3o que re\u00fane esfor\u00e7os da Secretaria de Esporte e Secretaria de Gest\u00e3o e que faz parte tamb\u00e9m, do Programa Prefeitura Digital. O objetivo \u00e9 facilitar, organizar e democratizar os espa\u00e7os esportivos do Parc\u00e3o, oportunizando que os usu\u00e1rios possam utilizar esse local para o lazer e a pr\u00e1tica de esportes.<\/p>\n\n\n\n<p>O Governo Municipal est\u00e1 concluindo as obras de reforma e amplia\u00e7\u00e3o das quadras na Pra\u00e7a 10 de Agosto. O local vai contar com 4 quadras de areia para as modalidades de beach tennis, v\u00f4lei de areia, futev\u00f4lei e beach soccer e 2 quadras de basquete. O Secret\u00e1rio de Esporte, Cauh\u00e3 Pereira, esteve vistoriando os servi\u00e7os finais de preenchimento das quadras com areia e finaliza\u00e7\u00e3o do sistema de ilumina\u00e7\u00e3o e destaca as melhorias realizadas, \u201cA comunidade de Santa Rosa est\u00e1 sendo presenteada com um novo Parc\u00e3o literalmente. Quem passa pelo centro, j\u00e1 percebe a grande diferen\u00e7a na infraestrutura da pra\u00e7a e dos espa\u00e7os esportivos. Estamos ansiosos pela inaugura\u00e7\u00e3o e por poder lan\u00e7ar mais esta novidade dos agendamentos online para a popula\u00e7\u00e3o\u201d.<\/p>\n\n\n\n<p>As quadras v\u00e3o estar abertas todos os dias, das 06h da manh\u00e3 \u00e0 meia-noite, gratuitamente. Para garantir um bom uso e socializa\u00e7\u00e3o do espa\u00e7o p\u00fablico, vai ser preciso agendar o local pelo app Atende.net e\/ou pelo Portal do Cidad\u00e3o. No ambiente virtual, o usu\u00e1rio far\u00e1 login ou dever\u00e1 criar um cadastro de usu\u00e1rio, caso ainda n\u00e3o tenha e em seguida, ir\u00e1 selecionar a estrutura que deseja agendar, escolhendo o dia e hor\u00e1rio que deseja. Ap\u00f3s essa etapa, o sistema conclui a reserva, gerando um protocolo e enviando um e-mail de confirma\u00e7\u00e3o. Cauh\u00e3 ainda ressalta, que esta \u00e9 uma inova\u00e7\u00e3o dos grandes centros do pa\u00eds e que agora, o Governo Municipal traz para Santa Rosa, \u201cVisitamos locais de refer\u00eancia no esporte, como a Orla do Gua\u00edba e buscamos trazer mais esta inova\u00e7\u00e3o para a nossa cidade. Outra grande novidade \u00e9 que o Parc\u00e3o ter\u00e1 servi\u00e7os de vigil\u00e2ncia e zeladoria, para uma maior organiza\u00e7\u00e3o e cuidados com este importante espa\u00e7o p\u00fablico do munic\u00edpio\u201d.<\/p>\n\n\n\n<p>Os agendamentos das quadras de esporte v\u00e3o ser de 1 hora de dura\u00e7\u00e3o, com a possibilidade de at\u00e9 02 reservas por dia, por pessoa, por\u00e9m em quadras distintas. Mais de R$ 2,2 milh\u00f5es est\u00e3o sendo investidos nas obras do Parc\u00e3o.<\/p>\n","protected":false},"excerpt":{"rendered":"<p>Na reta final das obras de revitaliza\u00e7\u00e3o, a Prefeitura vai entregar para a comunidade um novo Parc\u00e3o, com mais infraestrutura,<\/p>\n","protected":false},"author":6,"featured_media":8787,"comment_status":"closed","ping_status":"closed","sticky":false,"template":"","format":"standard","meta":{"footnotes":""},"categories":[4,19],"tags":[],"class_list":["post-8785","post","type-post","status-publish","format-standard","has-post-thumbnail","hentry","category-noticias","category-secretaria-municipal-de-esporte"],"aioseo_notices":[],"_links":{"self":[{"href":"https:\/\/prefeitura.santarosa.rs.gov.br\/index.php?rest_route=\/wp\/v2\/posts\/8785","targetHints":{"allow":["GET"]}}],"collection":[{"href":"https:\/\/prefeitura.santarosa.rs.gov.br\/index.php?rest_route=\/wp\/v2\/posts"}],"about":[{"href":"https:\/\/prefeitura.santarosa.rs.gov.br\/index.php?rest_route=\/wp\/v2\/types\/post"}],"author":[{"embeddable":true,"href":"https:\/\/prefeitura.santarosa.rs.gov.br\/index.php?rest_route=\/wp\/v2\/users\/6"}],"replies":[{"embeddable":true,"href":"https:\/\/prefeitura.santarosa.rs.gov.br\/index.php?rest_route=%2Fwp%2Fv2%2Fcomments&post=8785"}],"version-history":[{"count":1,"href":"https:\/\/prefeitura.santarosa.rs.gov.br\/index.php?rest_route=\/wp\/v2\/posts\/8785\/revisions"}],"predecessor-version":[{"id":8788,"href":"https:\/\/prefeitura.santarosa.rs.gov.br\/index.php?rest_route=\/wp\/v2\/posts\/8785\/revisions\/8788"}],"wp:featuredmedia":[{"embeddable":true,"href":"https:\/\/prefeitura.santarosa.rs.gov.br\/index.php?rest_route=\/wp\/v2\/media\/8787"}],"wp:attachment":[{"href":"https:\/\/prefeitura.santarosa.rs.gov.br\/index.php?rest_route=%2Fwp%2Fv2%2Fmedia&parent=8785"}],"wp:term":[{"taxonomy":"category","embeddable":true,"href":"https:\/\/prefeitura.santarosa.rs.gov.br\/index.php?rest_route=%2Fwp%2Fv2%2Fcategories&post=8785"},{"taxonomy":"post_tag","embeddable":true,"href":"https:\/\/prefeitura.santarosa.rs.gov.br\/index.php?rest_route=%2Fwp%2Fv2%2Ftags&post=8785"}],"curies":[{"name":"wp","href":"https:\/\/api.w.org\/{rel}","templated":true}]}}